{"id":9822,"date":"2019-07-23T10:19:45","date_gmt":"2019-07-23T13:19:45","guid":{"rendered":"http:\/\/sjcbancarios.com.br\/site\/bancos\/santander\/santander-assembleia-que-avalia-acordo-especifico-sera-dia-10-copy-2\/"},"modified":"2019-07-26T11:06:05","modified_gmt":"2019-07-26T14:06:05","slug":"santander-assembleia-que-avalia-acordo-especifico-sera-dia-10-copy-2","status":"publish","type":"post","link":"https:\/\/sjcbancarios.com.br\/site\/noticias\/santander-assembleia-que-avalia-acordo-especifico-sera-dia-10-copy-2\/","title":{"rendered":"Assembleia Banco Bradesco, dia 25 \u00e0s 18h na Sede do Sindicato"},"content":{"rendered":"<p style=\"text-align: justify;\">O SINDICATO DOS EMPREGADOS EM ESTABELECIMENTOS BANC\u00c1RIOS DE S\u00c3O JOS\u00c9 DOS CAMPOS E REGI\u00c3O,\u00a0 convoca todos os empregados banc\u00e1rios associados ou n\u00e3o que prestam servi\u00e7o no BANCO BRADESCO S.A, na base territorial deste Sindicato, para Assembleia Extraordin\u00e1ria Espec\u00edfica, que ser\u00e1 realizada dia <strong>25\/07\/2019 \u00e0s\u00a0<\/strong><strong> 18:00h <\/strong>na sede da entidade sito \u00e0 Av. M\u00e1rio Galv\u00e3o, 318, Jardim Bela Vista \u2013 S\u00e3o Jos\u00e9 dos Campos\/SP, para discuss\u00e3o e delibera\u00e7\u00e3o acerca da seguinte pauta:<\/p>\n<p style=\"text-align: justify;\">1.) Aprova\u00e7\u00e3o do Acordo Coletivo de Trabalho sobre Sistema Alternativo de Controle de Jornada de Trabalho, com vig\u00eancia compreendida no per\u00edodo de 01\/09\/2019 a 31\/08\/2021;<\/p>\n<p style=\"text-align: justify;\">2.)Acordo Coletivo de Trabalho referente as \u00e1reas de An\u00e1lise de Cr\u00e9dito, de Atendimento e de Suporte do Banco Bradesco Financiamentos, com vig\u00eancia compreendida no per\u00edodo de 01\/09\/2019 a 31\/08\/2021; e<\/p>\n<p style=\"text-align: justify;\">3.)Acordo Coletivo de Trabalho referente ao \u201cPrograma de Capacita\u00e7\u00e3o Designado CIPA\u201d, com vig\u00eancia compreendida no per\u00edodo de dois anos iniciando-se em setembro de 2019 at\u00e9 agosto de 2021, a serem celebrados com o Banco Bradesco S\/A.<\/p>\n<p style=\"text-align: justify;\">Participe!<\/p>\n","protected":false},"excerpt":{"rendered":"<p class=\"excerpt\">O SINDICATO DOS EMPREGADOS EM ESTABELECIMENTOS BANC\u00c1RIOS DE S\u00c3O JOS\u00c9 DOS CAMPOS E REGI\u00c3O,\u00a0 convoca todos os empregados banc\u00e1rios associados ou n\u00e3o que prestam servi\u00e7o no BANCO BRADESCO S.A, na base territorial deste Sindicato, para Assembleia Extraordin\u00e1ria Espec\u00edfica, que ser\u00e1 realizada dia 25\/07\/2019 \u00e0s\u00a0 18:00h na sede da entidade sito \u00e0 Av. M\u00e1rio Galv\u00e3o, 318, [&hellip;]<\/p>\n","protected":false},"author":2,"featured_media":6211,"comment_status":"closed","ping_status":"closed","sticky":false,"template":"","format":"standard","meta":{"_et_pb_use_builder":"","_et_pb_old_content":"","_et_gb_content_width":"","footnotes":""},"categories":[13],"tags":[],"class_list":["post-9822","post","type-post","status-publish","format-standard","has-post-thumbnail","hentry","category-noticias"],"_links":{"self":[{"href":"https:\/\/sjcbancarios.com.br\/site\/wp-json\/wp\/v2\/posts\/9822","targetHints":{"allow":["GET"]}}],"collection":[{"href":"https:\/\/sjcbancarios.com.br\/site\/wp-json\/wp\/v2\/posts"}],"about":[{"href":"https:\/\/sjcbancarios.com.br\/site\/wp-json\/wp\/v2\/types\/post"}],"author":[{"embeddable":true,"href":"https:\/\/sjcbancarios.com.br\/site\/wp-json\/wp\/v2\/users\/2"}],"replies":[{"embeddable":true,"href":"https:\/\/sjcbancarios.com.br\/site\/wp-json\/wp\/v2\/comments?post=9822"}],"version-history":[{"count":0,"href":"https:\/\/sjcbancarios.com.br\/site\/wp-json\/wp\/v2\/posts\/9822\/revisions"}],"wp:featuredmedia":[{"embeddable":true,"href":"https:\/\/sjcbancarios.com.br\/site\/wp-json\/wp\/v2\/media\/6211"}],"wp:attachment":[{"href":"https:\/\/sjcbancarios.com.br\/site\/wp-json\/wp\/v2\/media?parent=9822"}],"wp:term":[{"taxonomy":"category","embeddable":true,"href":"https:\/\/sjcbancarios.com.br\/site\/wp-json\/wp\/v2\/categories?post=9822"},{"taxonomy":"post_tag","embeddable":true,"href":"https:\/\/sjcbancarios.com.br\/site\/wp-json\/wp\/v2\/tags?post=9822"}],"curies":[{"name":"wp","href":"https:\/\/api.w.org\/{rel}","templated":true}]}}