{"id":9737,"date":"2019-07-12T11:02:54","date_gmt":"2019-07-12T14:02:54","guid":{"rendered":"http:\/\/sjcbancarios.com.br\/site\/?p=9737"},"modified":"2019-07-12T11:02:54","modified_gmt":"2019-07-12T14:02:54","slug":"pdv-dos-correios-tem-adesao-de-49-mil-empregados","status":"publish","type":"post","link":"https:\/\/sjcbancarios.com.br\/site\/noticias\/pdv-dos-correios-tem-adesao-de-49-mil-empregados\/","title":{"rendered":"PDV dos Correios tem ades\u00e3o de 4,9 mil empregados"},"content":{"rendered":"<p style=\"text-align: justify;\">O Plano de Desligamento Volunt\u00e1rio (PDV) aberto pelos Correios em maio deste ano teve a ades\u00e3o de 4.881 empregados. A previs\u00e3o da estatal era em torno de 7.300 funcion\u00e1rios. Dos cargos atingidos pelo PDV, 95% das ades\u00f5es foram de atendentes comerciais e operadores de triagem e transbordo.<\/p>\n<p style=\"text-align: justify;\">Os desligamentos priorizaram os funcion\u00e1rios com maior idade, maior tempo de servi\u00e7o e maior tempo de aposentadoria.<\/p>\n<p style=\"text-align: justify;\">Al\u00e9m das verbas rescis\u00f3rias, a empresa concedeu um incentivo financeiro que variou entre R$ 25 mil e R$ 350 mil. No entanto, o empregado que aderiu ao PDV n\u00e3o teve direito a receber a multa rescis\u00f3ria de 40% do saldo do FGTS nem ao seguro-desemprego, por se tratar de desligamento volunt\u00e1rio.<\/p>\n<p style=\"text-align: justify;\">A empresa p\u00fablica est\u00e1 tentando enxugar sua estrutura administrativa em meio \u00e0 crise financeira \u2013 entre 2015 e 2016, a estatal acumulou preju\u00edzos de R$ 4 bilh\u00f5es. A estatal s\u00f3 voltou a ter resultado positivo em 2017, com lucro de R$ 667 milh\u00f5es. J\u00e1 no ano passado, o lucro foi menor, de R$ 161 milh\u00f5es.<\/p>\n<p style=\"text-align: justify;\">Uma das medidas tem sido fechar ag\u00eancias no pa\u00eds. Em 2017, foram 250 unidades localizadas em munic\u00edpios com mais de 50 mil habitantes. No ano passado, foram 41 ag\u00eancias fechadas. E, em maio deste ano, foram anunciadas 161 ag\u00eancias com atividades encerradas.<\/p>\n<p style=\"text-align: justify;\">Al\u00e9m disso, os Correios reduziram sua parte nos custos do plano de sa\u00fade dos funcion\u00e1rios e anunciaram a implanta\u00e7\u00e3o de unidades compactas dentro de estabelecimentos comerciais.<\/p>\n<p style=\"text-align: justify;\"><strong>Troca de comando e privatiza\u00e7\u00e3o<br \/>\n<\/strong>No m\u00eas passado, o general da reserva do Ex\u00e9rcito Floriano Peixoto assumiu o comando dos Correios no lugar de Juarez Cunha, que foi demitido acusado pelo presidente da Rep\u00fablica, Jair Bolsonaro, de agir como um \u201csindicalista\u201d.<\/p>\n<p style=\"text-align: justify;\">Cunha assumiu a presid\u00eancia dos Correios em novembro do ano passado, durante o governo do ex-presidente Michel Temer e foi mantido no cargo ap\u00f3s a posse de Bolsonaro. Ele defendia a manuten\u00e7\u00e3o dos Correios como empresa p\u00fablica e estudava abrir o capital da estatal.<\/p>\n<p style=\"text-align: justify;\">J\u00e1 Bolsonaro defende a privatiza\u00e7\u00e3o da estatal, mas, segundo ele, n\u00e3o h\u00e1 prazo para isso acontecer, uma vez que a a\u00e7\u00e3o depende de aval do Congresso Nacional. \u201cN\u00e3o temos prazo, h\u00e1 uma inten\u00e7\u00e3o, sim, est\u00e1 no radar esta quest\u00e3o\u201d, disse.<\/p>\n<p style=\"text-align: justify;\">Segundo Bolsonaro, a \u201cmiss\u00e3o\u201d de Floriano Peixoto nos Correios \u00e9 \u201cfazer o melhor poss\u00edvel\u201d para a estatal. Deu como exemplo de miss\u00e3o quase \u201cimposs\u00edvel\u201d cumprir a recupera\u00e7\u00e3o das perdas do fundo de pens\u00e3o dos funcion\u00e1rios dos Correios, o Postalis, alvo de investiga\u00e7\u00f5es.<\/p>\n<p style=\"text-align: justify;\"><strong>Receita \u00e9 maior nas encomendas<br \/>\n<\/strong>Atualmente, o segmento de encomendas \u00e9 respons\u00e1vel por 55% da receita total dos Correios, superando a receita proveniente do segmento no qual a estatal det\u00e9m monop\u00f3lio (cartas, correspond\u00eancias agrupadas e telegramas).<\/p>\n<p style=\"text-align: justify;\">Os Correios s\u00e3o a \u00fanica empresa do pa\u00eds que entrega cartas e encomendas para todas as cidades do Brasil devido \u00e0 obrigatoriedade da universaliza\u00e7\u00e3o. Por isso, a estatal afirma que seus concorrentes no segmento de encomendas utilizam seus servi\u00e7os em algum momento de sua cadeia log\u00edstica, tanto as que vendem diretamente aos consumidores finais quanto as que realizam vendas por meio de marketplaces.<\/p>\n<p style=\"text-align: justify;\">No segmento de encomendas, apesar de ser concorrencial, as empresas privadas atuam principalmente nos grandes centros onde h\u00e1 viabilidade econ\u00f4mico-financeira, sendo que nas 5.570 cidades, apenas os Correios atuam regularmente.<\/p>\n<p style=\"text-align: justify;\"><strong>Outros PDVs<br \/>\n<\/strong>Levantamento feito pelo G1 em maio aponta que o n\u00famero de desligamentos no ano nas estatais poder\u00e1 passar de 25 mil.<\/p>\n<p style=\"text-align: justify;\">Al\u00e9m dos Correios, est\u00e3o na lista a Caixa Econ\u00f4mica Federal, Petrobras, Infraero, Serpro e Embrapa, entre outras. Na Caixa, a previs\u00e3o \u00e9 de 3,5 mil desligamentos. Na Petrobras, \u00e9 de 4,3 mil.<\/p>\n<p style=\"text-align: justify;\">Confirmada a expectativa de mais de 25 mil cortes neste ano, o quadro de funcion\u00e1rios nas estatais ir\u00e1 recuar para o menor patamar em ao menos 10 anos.<\/p>\n<p style=\"text-align: justify;\">Somente no ano passado, houve uma redu\u00e7\u00e3o de 13.434 pessoas no quadro das estatais atrav\u00e9s deste mecanismo. As principais redu\u00e7\u00f5es foram na Caixa Econ\u00f4mica Federal (2.728), Correios (2.648) e Banco do Brasil (2.195), segundo os dados oficiais.<\/p>\n<p style=\"text-align: justify;\">Atualmente, a estatal com o maior n\u00famero de funcion\u00e1rios \u00e9 os Correios, com 105 mil trabalhadores. Na sequ\u00eancia, est\u00e3o Banco do Brasil (101 mil), Caixa (84,9 mil) e Petrobras (62 mil).<\/p>\n<p style=\"text-align: justify;\">Fonte: G1 \/ CONTEC<\/p>\n","protected":false},"excerpt":{"rendered":"<p class=\"excerpt\">O Plano de Desligamento Volunt\u00e1rio (PDV) aberto pelos Correios em maio deste ano teve a ades\u00e3o de 4.881 empregados. A previs\u00e3o da estatal era em torno de 7.300 funcion\u00e1rios. Dos cargos atingidos pelo PDV, 95% das ades\u00f5es foram de atendentes comerciais e operadores de triagem e transbordo. Os desligamentos priorizaram os funcion\u00e1rios com maior idade, [&hellip;]<\/p>\n","protected":false},"author":2,"featured_media":9738,"comment_status":"closed","ping_status":"closed","sticky":false,"template":"","format":"standard","meta":{"_et_pb_use_builder":"","_et_pb_old_content":"","_et_gb_content_width":"","footnotes":""},"categories":[13],"tags":[],"class_list":["post-9737","post","type-post","status-publish","format-standard","has-post-thumbnail","hentry","category-noticias"],"_links":{"self":[{"href":"https:\/\/sjcbancarios.com.br\/site\/wp-json\/wp\/v2\/posts\/9737","targetHints":{"allow":["GET"]}}],"collection":[{"href":"https:\/\/sjcbancarios.com.br\/site\/wp-json\/wp\/v2\/posts"}],"about":[{"href":"https:\/\/sjcbancarios.com.br\/site\/wp-json\/wp\/v2\/types\/post"}],"author":[{"embeddable":true,"href":"https:\/\/sjcbancarios.com.br\/site\/wp-json\/wp\/v2\/users\/2"}],"replies":[{"embeddable":true,"href":"https:\/\/sjcbancarios.com.br\/site\/wp-json\/wp\/v2\/comments?post=9737"}],"version-history":[{"count":0,"href":"https:\/\/sjcbancarios.com.br\/site\/wp-json\/wp\/v2\/posts\/9737\/revisions"}],"wp:featuredmedia":[{"embeddable":true,"href":"https:\/\/sjcbancarios.com.br\/site\/wp-json\/wp\/v2\/media\/9738"}],"wp:attachment":[{"href":"https:\/\/sjcbancarios.com.br\/site\/wp-json\/wp\/v2\/media?parent=9737"}],"wp:term":[{"taxonomy":"category","embeddable":true,"href":"https:\/\/sjcbancarios.com.br\/site\/wp-json\/wp\/v2\/categories?post=9737"},{"taxonomy":"post_tag","embeddable":true,"href":"https:\/\/sjcbancarios.com.br\/site\/wp-json\/wp\/v2\/tags?post=9737"}],"curies":[{"name":"wp","href":"https:\/\/api.w.org\/{rel}","templated":true}]}}