{"id":9734,"date":"2019-07-12T10:55:13","date_gmt":"2019-07-12T13:55:13","guid":{"rendered":"http:\/\/sjcbancarios.com.br\/site\/?p=9734"},"modified":"2019-07-12T10:55:13","modified_gmt":"2019-07-12T13:55:13","slug":"comissao-da-camara-aprova-projeto-que-susta-normas-da-cgpar-23","status":"publish","type":"post","link":"https:\/\/sjcbancarios.com.br\/site\/noticias\/comissao-da-camara-aprova-projeto-que-susta-normas-da-cgpar-23\/","title":{"rendered":"Comiss\u00e3o da C\u00e2mara aprova projeto que susta normas da CGPAR 23"},"content":{"rendered":"<p style=\"text-align: justify;\">Gladir Basso, deputada Erika Kokay, Carlos Castro, Maria L\u00facia Cavalcante Dejavite e Edgar Lima, antes da vota\u00e7\u00e3o do PDC 956\/2018<\/p>\n<p style=\"text-align: justify;\">ESTATAIS FEDERAIS<br \/>\nA Comiss\u00e3o de Constitui\u00e7\u00e3o e Justi\u00e7a e de Cidadania da C\u00e2mara dos Deputados, aprovou ontem (10), o parecer do deputado S\u00f3stenes Cavalcante, relator do Projeto de Decreto Legislativo (PDC) 956\/2018, de autoria da deputada Erika Kokay, que susta os efeitos da Resolu\u00e7\u00e3o n\u00ba 23 CGPAR (Comiss\u00e3o Interministerial de Governan\u00e7a Corporativa e de Administra\u00e7\u00e3o de Participa\u00e7\u00f5es Societ\u00e1rias da Uni\u00e3o), de 18 de janeiro de 2018, do Minist\u00e9rio do Planejamento, Desenvolvimento e Gest\u00e3o. Esse PDC \u201cestabelece diretrizes e par\u00e2metros para o custeio das empresas estatais federais sobre benef\u00edcios de assist\u00eancia \u00e0 sa\u00fade dos seus empregados\u201d.<\/p>\n<p style=\"text-align: justify;\">O referido projeto que foi aprovado desde novembro de 2018 pela Comiss\u00e3o de Trabalho, de Administra\u00e7\u00e3o e Servi\u00e7o P\u00fablico, agora dever\u00e1 ser apreciado pelo plen\u00e1rio da C\u00e2mara e, se aprovado, seguir\u00e1 para o Senado.<\/p>\n<p style=\"text-align: justify;\">Antes da vota\u00e7\u00e3o do parecer, o presidente da Federa\u00e7\u00e3o dos Banc\u00e1rios do Estado do Paran\u00e1 (Feeb-PR) e do Sindicato de Cascavel e Regi\u00e3o, Gladir Basso, reuniu-se com a deputada Erika Kokay; Carlos Castro, diretor de Relacionamento Institucional da Advocef; Maria L\u00facia Cavalcante Dejavite e Edgar Lima, vice-presidente e presidente da Fenacef, respectivamente.<\/p>\n<p style=\"text-align: justify;\">\u201cFoi uma grande vit\u00f3ria, mas apenas vencemos uma importante batalha. Agora vamos todos trabalhar no plen\u00e1rio da C\u00e2mara, sendo imprescind\u00edvel que os empregados de empresas estatais busquem os apoios dos deputados federais dos seus estados\u201d, afirmou Carlos Castro, diretor de Relacionamento Institucional da Advocef.<\/p>\n<p style=\"text-align: justify;\">J\u00e1 Gladir Basso afirmou que \u201ceste \u00e9 o trabalho que realizamos no dia de hoje (10) na C\u00e2mara dos Deputados com \u00eanfase na reforma da Previd\u00eancia e no PLC 956\/2018, de autoria da deputada \u00c9rica Kokay, que susta os efeitos da Resolu\u00e7\u00e3o 23, de 18 de janeiro de 2018 do Minist\u00e9rio do Planejamento, desenvolvimento e Gest\u00e3o\u201d. (Fotos: Divulga\u00e7\u00e3o)<br \/>\nCarlos Castro, deputado Felipe Francischini (presidente da CCJ da C\u00e2mara) e Gladir Basso<br \/>\nGladir Basso Presidente da Federa\u00e7\u00e3o dos Banc\u00e1rios do Paran\u00e1 com o Presidente da CONTEC, Louren\u00e7o Ferreira do Prado e Carlos Castro Diretor Institucional da Advocef.<\/p>\n<p style=\"text-align: justify;\">Fonte: FEEB-PR \/ CONTEC<\/p>\n","protected":false},"excerpt":{"rendered":"<p class=\"excerpt\">Gladir Basso, deputada Erika Kokay, Carlos Castro, Maria L\u00facia Cavalcante Dejavite e Edgar Lima, antes da vota\u00e7\u00e3o do PDC 956\/2018 ESTATAIS FEDERAIS A Comiss\u00e3o de Constitui\u00e7\u00e3o e Justi\u00e7a e de Cidadania da C\u00e2mara dos Deputados, aprovou ontem (10), o parecer do deputado S\u00f3stenes Cavalcante, relator do Projeto de Decreto Legislativo (PDC) 956\/2018, de autoria da [&hellip;]<\/p>\n","protected":false},"author":2,"featured_media":9735,"comment_status":"closed","ping_status":"closed","sticky":false,"template":"","format":"standard","meta":{"_et_pb_use_builder":"","_et_pb_old_content":"","_et_gb_content_width":"","footnotes":""},"categories":[13],"tags":[],"class_list":["post-9734","post","type-post","status-publish","format-standard","has-post-thumbnail","hentry","category-noticias"],"_links":{"self":[{"href":"https:\/\/sjcbancarios.com.br\/site\/wp-json\/wp\/v2\/posts\/9734","targetHints":{"allow":["GET"]}}],"collection":[{"href":"https:\/\/sjcbancarios.com.br\/site\/wp-json\/wp\/v2\/posts"}],"about":[{"href":"https:\/\/sjcbancarios.com.br\/site\/wp-json\/wp\/v2\/types\/post"}],"author":[{"embeddable":true,"href":"https:\/\/sjcbancarios.com.br\/site\/wp-json\/wp\/v2\/users\/2"}],"replies":[{"embeddable":true,"href":"https:\/\/sjcbancarios.com.br\/site\/wp-json\/wp\/v2\/comments?post=9734"}],"version-history":[{"count":0,"href":"https:\/\/sjcbancarios.com.br\/site\/wp-json\/wp\/v2\/posts\/9734\/revisions"}],"wp:featuredmedia":[{"embeddable":true,"href":"https:\/\/sjcbancarios.com.br\/site\/wp-json\/wp\/v2\/media\/9735"}],"wp:attachment":[{"href":"https:\/\/sjcbancarios.com.br\/site\/wp-json\/wp\/v2\/media?parent=9734"}],"wp:term":[{"taxonomy":"category","embeddable":true,"href":"https:\/\/sjcbancarios.com.br\/site\/wp-json\/wp\/v2\/categories?post=9734"},{"taxonomy":"post_tag","embeddable":true,"href":"https:\/\/sjcbancarios.com.br\/site\/wp-json\/wp\/v2\/tags?post=9734"}],"curies":[{"name":"wp","href":"https:\/\/api.w.org\/{rel}","templated":true}]}}