{"id":9700,"date":"2019-07-10T11:37:54","date_gmt":"2019-07-10T14:37:54","guid":{"rendered":"http:\/\/sjcbancarios.com.br\/site\/?p=9700"},"modified":"2019-07-10T11:48:23","modified_gmt":"2019-07-10T14:48:23","slug":"a-escandalosa-compra-de-votos-para-aprovar-a-reforma-da-previdencia","status":"publish","type":"post","link":"https:\/\/sjcbancarios.com.br\/site\/noticias\/a-escandalosa-compra-de-votos-para-aprovar-a-reforma-da-previdencia\/","title":{"rendered":"A escandalosa compra de votos para aprovar a Reforma da Previd\u00eancia"},"content":{"rendered":"<p style=\"text-align: justify;\">O ministro Onyx Lorenzoni (Casa Civil) fechou acordo para viabilizar a vota\u00e7\u00e3o dareforma da Previd\u00eancia na C\u00e2mara at\u00e9 a primeira quinzena de julho. O trato foi firmado na resid\u00eancia oficial do presidente da C\u00e2mara, Rodrigo Maia (DEM-RJ), e mobilizou l\u00edderes e dirigentes dos principais partidos de centro e centro-direita.<\/p>\n<p style=\"text-align: justify;\">O governo se comprometeu a empenhar e liquidar cerca de R$ 20 milh\u00f5es, ainda este ano, em investimentos indicados por deputados que apoiarem a proposta.<\/p>\n<p style=\"text-align: justify;\">Hoje, amanh\u00e3 e depois O acerto feito com os dirigentes partid\u00e1rios inclui a libera\u00e7\u00e3o de mais dinheiro at\u00e9 as elei\u00e7\u00f5es municipais do ano que vem, o que habilitaria os apoiadores da reforma a irrigarem suas bases, favorecendo os aliados na disputa.<\/p>\n<p style=\"text-align: justify;\">Quebrem o cofrinho O valor global da negocia\u00e7\u00e3o, segundo um dos participantes da reuni\u00e3o, soma R$ 40 milh\u00f5es at\u00e9 o ano que vem por deputado que votar a favor da proposta.<\/p>\n<p style=\"text-align: justify;\">Sem pr\u00e9-datado Com isso, o Planalto antecipou em dois anos o aceno que havia feito em abril, quando garantiu a libera\u00e7\u00e3o de R$ 40 milh\u00f5es em emendas at\u00e9 2022.<\/p>\n<p style=\"text-align: justify;\">At\u00e9 o limite Onyx sentou para arrematar o trato com as principais siglas da C\u00e2mara no mesmo dia em que o presidente Jair Bolsonaro publicou medida provis\u00f3ria retirando a articula\u00e7\u00e3o pol\u00edtica de suas atribui\u00e7\u00f5es. Fez quest\u00e3o de dizer aos l\u00edderes de partidos que, at\u00e9 a reforma, \u00e9 ele quem vai tocar os acertos com o Congresso.<\/p>\n<p style=\"text-align: justify;\">Seu quadrado Para agilizar a tramita\u00e7\u00e3o das mudan\u00e7as nas regras de aposentadoria no Senado o governo ter\u00e1 de firmar novo acordo, que ser\u00e1 conduzido pelo presidente da Casa, Davi Alcolumbre (DEM-AP).<\/p>\n<p style=\"text-align: justify;\">Fonte Para pagar as verbas indicadas por deputados, o Planalto vai irrigar programas como o Minha Casa, Minha Vida, e liberar dinheiro que foi afian\u00e7ado no Or\u00e7amento de 2018, votado sob a batuta de Michel Temer.<\/p>\n<p style=\"text-align: justify;\">L\u00e1 como c\u00e1 Parlamentares tamb\u00e9m esperam que, na pr\u00f3xima semana, saiam as primeiras nomea\u00e7\u00f5es de indicados de pol\u00edticos para estatais de proje\u00e7\u00e3o regional.<\/p>\n<p style=\"text-align: justify;\">Fonte: Folha de SP \/ CONTEC<\/p>\n","protected":false},"excerpt":{"rendered":"<p class=\"excerpt\">O ministro Onyx Lorenzoni (Casa Civil) fechou acordo para viabilizar a vota\u00e7\u00e3o dareforma da Previd\u00eancia na C\u00e2mara at\u00e9 a primeira quinzena de julho. O trato foi firmado na resid\u00eancia oficial do presidente da C\u00e2mara, Rodrigo Maia (DEM-RJ), e mobilizou l\u00edderes e dirigentes dos principais partidos de centro e centro-direita. O governo se comprometeu a empenhar [&hellip;]<\/p>\n","protected":false},"author":2,"featured_media":9702,"comment_status":"closed","ping_status":"closed","sticky":false,"template":"","format":"standard","meta":{"_et_pb_use_builder":"","_et_pb_old_content":"","_et_gb_content_width":"","footnotes":""},"categories":[13],"tags":[],"class_list":["post-9700","post","type-post","status-publish","format-standard","has-post-thumbnail","hentry","category-noticias"],"_links":{"self":[{"href":"https:\/\/sjcbancarios.com.br\/site\/wp-json\/wp\/v2\/posts\/9700","targetHints":{"allow":["GET"]}}],"collection":[{"href":"https:\/\/sjcbancarios.com.br\/site\/wp-json\/wp\/v2\/posts"}],"about":[{"href":"https:\/\/sjcbancarios.com.br\/site\/wp-json\/wp\/v2\/types\/post"}],"author":[{"embeddable":true,"href":"https:\/\/sjcbancarios.com.br\/site\/wp-json\/wp\/v2\/users\/2"}],"replies":[{"embeddable":true,"href":"https:\/\/sjcbancarios.com.br\/site\/wp-json\/wp\/v2\/comments?post=9700"}],"version-history":[{"count":0,"href":"https:\/\/sjcbancarios.com.br\/site\/wp-json\/wp\/v2\/posts\/9700\/revisions"}],"wp:featuredmedia":[{"embeddable":true,"href":"https:\/\/sjcbancarios.com.br\/site\/wp-json\/wp\/v2\/media\/9702"}],"wp:attachment":[{"href":"https:\/\/sjcbancarios.com.br\/site\/wp-json\/wp\/v2\/media?parent=9700"}],"wp:term":[{"taxonomy":"category","embeddable":true,"href":"https:\/\/sjcbancarios.com.br\/site\/wp-json\/wp\/v2\/categories?post=9700"},{"taxonomy":"post_tag","embeddable":true,"href":"https:\/\/sjcbancarios.com.br\/site\/wp-json\/wp\/v2\/tags?post=9700"}],"curies":[{"name":"wp","href":"https:\/\/api.w.org\/{rel}","templated":true}]}}