{"id":9609,"date":"2019-07-01T11:04:04","date_gmt":"2019-07-01T14:04:04","guid":{"rendered":"http:\/\/sjcbancarios.com.br\/site\/?p=9609"},"modified":"2019-07-01T11:04:04","modified_gmt":"2019-07-01T14:04:04","slug":"gilmar-suspende-processos-que-tratam-de-acordos-coletivos-que-reduziam-direitos-trabalhistas","status":"publish","type":"post","link":"https:\/\/sjcbancarios.com.br\/site\/noticias\/gilmar-suspende-processos-que-tratam-de-acordos-coletivos-que-reduziam-direitos-trabalhistas\/","title":{"rendered":"Gilmar suspende processos que tratam de acordos coletivos que reduziam direitos trabalhistas"},"content":{"rendered":"<p style=\"text-align: justify;\">Pedido da Confedera\u00e7\u00e3o Nacional da Ind\u00fastria (CNI) foi acatado pelo ministro do Supremo Tribunal Federal (STF)<\/p>\n<p style=\"text-align: justify;\">O ministro do Supremo Tribunal Federal (STF) Gilmar Mendes determinou, na sexta-feira, 28, a suspens\u00e3o de todas as a\u00e7\u00f5es trabalhistas no Pa\u00eds que analisam casos de contesta\u00e7\u00e3o de acordos coletivos que limitam ou restringem direitos trabalhistas n\u00e3o assegurados pela Constitui\u00e7\u00e3o.<\/p>\n<p style=\"text-align: justify;\">A discuss\u00e3o come\u00e7ou quando um funcion\u00e1rio de uma mineradora entrou na Justi\u00e7a trabalhista pedindo o pagamento de horas extras pelo o per\u00edodo em que ele gastava para se deslocar ao trabalho com o transporte cedido pela empresa.<\/p>\n<p style=\"text-align: justify;\">O trabalhador perdeu a causa na primeira inst\u00e2ncia, mas recorreu e teve seu pedido aceito pelo Tribunal Regional do Trabalho (TRT) e ratificado pelo Tribunal Superior do Trabalho (TST), que afastou o acordo coletivo de trabalho firmado entre a empresa e as entidades representativas das bases sindicais da categoria, invalidando suas cl\u00e1usulas.<\/p>\n<p style=\"text-align: justify;\">Em sua defesa, a empresa rebateu a decis\u00e3o da corte trabalhista e disse que a manuten\u00e7\u00e3o do que foi pactuado em negocia\u00e7\u00e3o coletiva tem preval\u00eancia.<\/p>\n<p style=\"text-align: justify;\">\u201cN\u00e3o resta d\u00favida acerca da import\u00e2ncia da causa, cujo tema (validade de cl\u00e1usula de acordo coletivo) vai al\u00e9m do interesse das partes, apresentando, pois, repercuss\u00e3o transindividual ou institucional\u201d, escreveu Gilmar Mendes em sua decis\u00e3o.<\/p>\n<p style=\"text-align: justify;\">O pedido de suspens\u00e3o de todos os casos similares ao da mineradora foi feito pela Confedera\u00e7\u00e3o Nacional da Ind\u00fastria (CNI), que entrou para participar do processo na condi\u00e7\u00e3o de amicus curiae, ou \u201camigo da Corte\u201d, por ter interesse no tema. Nesta condi\u00e7\u00e3o, a CNI poder\u00e1 elaborar manifesta\u00e7\u00f5es para serem consideradas pelo Supremo.<\/p>\n<p style=\"text-align: justify;\">Em abril, o Supremo j\u00e1 havia entendido a necessidade de analisar o caso de uma maneira definitiva, que valha para outras a\u00e7\u00f5es similares. Em julgamento realizado no plen\u00e1rio virtual, os ministros, no entanto, n\u00e3o reafirmaram a jurisprud\u00eancia dominante sobre o tema.<\/p>\n<p style=\"text-align: justify;\">Como destacou Gilmar Mendes em sua decis\u00e3o, at\u00e9 ent\u00e3o muitas a\u00e7\u00f5es similares haviam sido rejeitadas pelo STF com base em um precedente da Corte, que permitia a redu\u00e7\u00e3o de direitos trabalhistas por meio de negocia\u00e7\u00e3o coletiva.<\/p>\n<p style=\"text-align: justify;\">\u201cUma vez recortada nova tem\u00e1tica constitucional (semelhante \u00e0 anterior) para julgamento, e n\u00e3o aplicado o precedente no plen\u00e1rio Virtual desta Suprema Corte, existe o justo receio de que as categorias sejam novamente inseridas em uma conjuntura de inseguran\u00e7a jur\u00eddica, com o enfraquecimento do instituto das negocia\u00e7\u00f5es coletivas.\u201d<\/p>\n<p style=\"text-align: justify;\">Fonte: Estad\u00e3o \/ CONTEC<\/p>\n","protected":false},"excerpt":{"rendered":"<p class=\"excerpt\">Pedido da Confedera\u00e7\u00e3o Nacional da Ind\u00fastria (CNI) foi acatado pelo ministro do Supremo Tribunal Federal (STF) O ministro do Supremo Tribunal Federal (STF) Gilmar Mendes determinou, na sexta-feira, 28, a suspens\u00e3o de todas as a\u00e7\u00f5es trabalhistas no Pa\u00eds que analisam casos de contesta\u00e7\u00e3o de acordos coletivos que limitam ou restringem direitos trabalhistas n\u00e3o assegurados pela [&hellip;]<\/p>\n","protected":false},"author":2,"featured_media":9610,"comment_status":"closed","ping_status":"closed","sticky":false,"template":"","format":"standard","meta":{"_et_pb_use_builder":"","_et_pb_old_content":"","_et_gb_content_width":"","footnotes":""},"categories":[13],"tags":[],"class_list":["post-9609","post","type-post","status-publish","format-standard","has-post-thumbnail","hentry","category-noticias"],"_links":{"self":[{"href":"https:\/\/sjcbancarios.com.br\/site\/wp-json\/wp\/v2\/posts\/9609","targetHints":{"allow":["GET"]}}],"collection":[{"href":"https:\/\/sjcbancarios.com.br\/site\/wp-json\/wp\/v2\/posts"}],"about":[{"href":"https:\/\/sjcbancarios.com.br\/site\/wp-json\/wp\/v2\/types\/post"}],"author":[{"embeddable":true,"href":"https:\/\/sjcbancarios.com.br\/site\/wp-json\/wp\/v2\/users\/2"}],"replies":[{"embeddable":true,"href":"https:\/\/sjcbancarios.com.br\/site\/wp-json\/wp\/v2\/comments?post=9609"}],"version-history":[{"count":0,"href":"https:\/\/sjcbancarios.com.br\/site\/wp-json\/wp\/v2\/posts\/9609\/revisions"}],"wp:featuredmedia":[{"embeddable":true,"href":"https:\/\/sjcbancarios.com.br\/site\/wp-json\/wp\/v2\/media\/9610"}],"wp:attachment":[{"href":"https:\/\/sjcbancarios.com.br\/site\/wp-json\/wp\/v2\/media?parent=9609"}],"wp:term":[{"taxonomy":"category","embeddable":true,"href":"https:\/\/sjcbancarios.com.br\/site\/wp-json\/wp\/v2\/categories?post=9609"},{"taxonomy":"post_tag","embeddable":true,"href":"https:\/\/sjcbancarios.com.br\/site\/wp-json\/wp\/v2\/tags?post=9609"}],"curies":[{"name":"wp","href":"https:\/\/api.w.org\/{rel}","templated":true}]}}