{"id":9600,"date":"2019-06-27T11:17:57","date_gmt":"2019-06-27T14:17:57","guid":{"rendered":"http:\/\/sjcbancarios.com.br\/site\/?p=9600"},"modified":"2019-06-27T11:17:57","modified_gmt":"2019-06-27T14:17:57","slug":"previdencia-centrais-e-dieese-querem-mudancas-para-reduzir-danos-aos-trabalhadores","status":"publish","type":"post","link":"https:\/\/sjcbancarios.com.br\/site\/noticias\/previdencia-centrais-e-dieese-querem-mudancas-para-reduzir-danos-aos-trabalhadores\/","title":{"rendered":"Previd\u00eancia: centrais e Dieese querem mudan\u00e7as para reduzir danos aos trabalhadores"},"content":{"rendered":"<p style=\"text-align: justify;\">A previs\u00e3o \u00e9 que 77 parlamentares participem do debate sobre o parecer da reforma em sess\u00e3o da comiss\u00e3o especial nesta ter\u00e7a (25)<\/p>\n<p style=\"text-align: justify;\">Comiss\u00e3o especial retoma debates sobre parecer e representantes dos trabalhadores ainda pressionam por altera\u00e7\u00f5es no texto<\/p>\n<p style=\"text-align: justify;\">A comiss\u00e3o especial da \u2018reforma\u2019 da Previd\u00eancia retoma nesta ter\u00e7a-feira (25) os debates sobre o parecer apresentado pelo relator, deputado federal Samuel Moreira (PSDB-SP). Apesar de conter recuos em rela\u00e7\u00e3o \u00e0 proposta inicial do governo Bolsonaro, dirigentes sindicais devem se reunir com parlamentares para buscar novas altera\u00e7\u00f5es no texto. A expectativa \u00e9 que o relator apresente um voto complementar com mudan\u00e7as nos pontos ainda em disputa.<\/p>\n<p style=\"text-align: justify;\">O diretor t\u00e9cnico do Dieese, Clemente Ganz L\u00facio, que est\u00e1 em Bras\u00edlia, alerta que a economia de cerca de 1 R$ trilh\u00e3o em 10 anos, projetada pelo governo, se deve essencialmente \u00e0s restri\u00e7\u00f5es \u00e0s aposentadorias, seja retardando o acesso aos benef\u00edcios, seja reduzindo os valores. Os principais prejudicados ser\u00e3o os mais pobres. \u201cOs grandes impactados, aqueles que sofreram os maiores cortes, s\u00e3o os trabalhadores, especialmente os de menor renda, que dependem, quase exclusivamente, durante a velhice, dos recursos da aposentadoria para financiar o seu or\u00e7amento\u201d, disse Clemente, em entrevista \u00e0 jornalista Marilu Caba\u00f1as, para o Jornal Brasil Atual.<\/p>\n<p style=\"text-align: justify;\">Em nota t\u00e9cnica, o Dieese afirma que os trabalhadores de baixa renda ser\u00e3o os mais prejudicados com a \u2018reforma\u2019 pela dificuldade em cumprirem as novas regras. Para alcan\u00e7arem o valor integral das aposentadorias, o tempo m\u00ednimo de contribui\u00e7\u00e3o passar\u00e1 para 40 anos, se o projeto for aprovado, frente aos 30 anos, para mulheres, e 35 para homens, condicionado \u00e0 f\u00f3rmula 85\/95, que combina idade m\u00ednima com tempo de contribui\u00e7\u00e3o.<\/p>\n<p style=\"text-align: justify;\">O relator acolheu, ainda, a regra de c\u00e1lculo dos benef\u00edcios proposta pelo governo, correspondente a 60% da m\u00e9dia dos sal\u00e1rios de contribui\u00e7\u00e3o mais 2% para cada ano de contribui\u00e7\u00e3o que exceder a 20 anos. Esse c\u00e1lculo reduz o valor inicial do benef\u00edcio, por dois motivos: a m\u00e9dia considerada ser\u00e1 \u201crebaixada\u201d em rela\u00e7\u00e3o \u00e0 atual, pois incluir\u00e1 todos os sal\u00e1rios de contribui\u00e7\u00e3o desde 1994 ou do in\u00edcio do per\u00edodo contributivo, sem mais desprezar os 20% menores valores como atualmente; e a regra atualmente em vigor garante ao segurado 100% da m\u00e9dia (exce\u00e7\u00e3o para o caso da aposentadoria por tempo de contribui\u00e7\u00e3o, quando \u00e9 utilizado o fator previdenci\u00e1rio).<\/p>\n<p style=\"text-align: justify;\">\u201cAo longo da vida, os mais pobres t\u00eam mais dificuldade em fazer algum tipo de poupan\u00e7a que possa ser usada, e dependem exclusivamente das aposentadorias. Cortar esse benef\u00edcio significa reduzir a receita, o or\u00e7amento, a fonte de financiamento para o or\u00e7amento familiar, durante a velhice\u201d, ressaltou o diretor do Dieese.<\/p>\n<p style=\"text-align: justify;\">Fonte: RBA \/ CONTEC<br \/>\nFoto: Rede Brasil Atual<\/p>\n","protected":false},"excerpt":{"rendered":"<p class=\"excerpt\">A previs\u00e3o \u00e9 que 77 parlamentares participem do debate sobre o parecer da reforma em sess\u00e3o da comiss\u00e3o especial nesta ter\u00e7a (25) Comiss\u00e3o especial retoma debates sobre parecer e representantes dos trabalhadores ainda pressionam por altera\u00e7\u00f5es no texto A comiss\u00e3o especial da \u2018reforma\u2019 da Previd\u00eancia retoma nesta ter\u00e7a-feira (25) os debates sobre o parecer apresentado [&hellip;]<\/p>\n","protected":false},"author":2,"featured_media":9601,"comment_status":"closed","ping_status":"closed","sticky":false,"template":"","format":"standard","meta":{"_et_pb_use_builder":"","_et_pb_old_content":"","_et_gb_content_width":"","footnotes":""},"categories":[13],"tags":[],"class_list":["post-9600","post","type-post","status-publish","format-standard","has-post-thumbnail","hentry","category-noticias"],"_links":{"self":[{"href":"https:\/\/sjcbancarios.com.br\/site\/wp-json\/wp\/v2\/posts\/9600","targetHints":{"allow":["GET"]}}],"collection":[{"href":"https:\/\/sjcbancarios.com.br\/site\/wp-json\/wp\/v2\/posts"}],"about":[{"href":"https:\/\/sjcbancarios.com.br\/site\/wp-json\/wp\/v2\/types\/post"}],"author":[{"embeddable":true,"href":"https:\/\/sjcbancarios.com.br\/site\/wp-json\/wp\/v2\/users\/2"}],"replies":[{"embeddable":true,"href":"https:\/\/sjcbancarios.com.br\/site\/wp-json\/wp\/v2\/comments?post=9600"}],"version-history":[{"count":0,"href":"https:\/\/sjcbancarios.com.br\/site\/wp-json\/wp\/v2\/posts\/9600\/revisions"}],"wp:featuredmedia":[{"embeddable":true,"href":"https:\/\/sjcbancarios.com.br\/site\/wp-json\/wp\/v2\/media\/9601"}],"wp:attachment":[{"href":"https:\/\/sjcbancarios.com.br\/site\/wp-json\/wp\/v2\/media?parent=9600"}],"wp:term":[{"taxonomy":"category","embeddable":true,"href":"https:\/\/sjcbancarios.com.br\/site\/wp-json\/wp\/v2\/categories?post=9600"},{"taxonomy":"post_tag","embeddable":true,"href":"https:\/\/sjcbancarios.com.br\/site\/wp-json\/wp\/v2\/tags?post=9600"}],"curies":[{"name":"wp","href":"https:\/\/api.w.org\/{rel}","templated":true}]}}