{"id":9579,"date":"2019-06-26T11:55:01","date_gmt":"2019-06-26T14:55:01","guid":{"rendered":"http:\/\/sjcbancarios.com.br\/site\/?p=9579"},"modified":"2019-06-26T11:55:01","modified_gmt":"2019-06-26T14:55:01","slug":"bolsonaro-diz-que-dificilmente-havera-novos-concursos-no-pais-nos-proximos-anos","status":"publish","type":"post","link":"https:\/\/sjcbancarios.com.br\/site\/noticias\/bolsonaro-diz-que-dificilmente-havera-novos-concursos-no-pais-nos-proximos-anos\/","title":{"rendered":"Bolsonaro diz que \u2018dificilmente\u2019 haver\u00e1 novos concursos no Pa\u00eds nos pr\u00f3ximos anos"},"content":{"rendered":"<p style=\"text-align: justify;\">Imagem: F\u00e1tima Meira\/Futura Press\/Estad\u00e3o Conte\u00fado<\/p>\n<p style=\"text-align: justify;\">Presidente afirmou que apenas a Pol\u00edcia Federal e a Pol\u00edcia Rodovi\u00e1ria Federal devem abrir sele\u00e7\u00f5es (Fabr\u00edcio de Castro, Luci Ribeiro)<\/p>\n<p style=\"text-align: justify;\">O presidente Jair Bolsonaro afirmou neste s\u00e1bado, 22, que o ministro da Economia, Paulo Guedes, decidiu reduzir concursos p\u00fablicos no Executivo e restringi-los a poucas \u00e1reas. O presidente citou como exce\u00e7\u00f5es a Pol\u00edcia Federal e a Pol\u00edcia Rodovi\u00e1ria Federal.<\/p>\n<p style=\"text-align: justify;\">Bolsonaro alegou falta de recursos para selecionar novos servidores. \u201cFora isso, dificilmente teremos concursos no Brasil nos pr\u00f3ximos poucos anos\u201d, afirmou o presidente a jornalistas.<\/p>\n<p style=\"text-align: justify;\">A declara\u00e7\u00e3o ocorreu pela manh\u00e3, quando Bolsonaro deixou a resid\u00eancia oficial, o Pal\u00e1cio do Alvorada, e se dirigiu ao pr\u00e9dio que abriga a \u00e1rea m\u00e9dica do Pal\u00e1cio do Planalto, sede do Executivo. \u201cFiz exames m\u00e9dicos hoje, antes de viagem ao Jap\u00e3o\u201d, afirmou o presidente, que viaja ao pa\u00eds oriental na ter\u00e7a-feira para participar de reuni\u00e3o do G-20. Ap\u00f3s ir ao m\u00e9dico, Bolsonaro parou em um supermercado em Bras\u00edlia no Sudoeste, bairro onde morava quando era deputado federal. Tamb\u00e9m visitou um clube acompanhado de seguran\u00e7as.<\/p>\n<p style=\"text-align: justify;\">Concursos. Em mar\u00e7o, Bolsonaro j\u00e1 havia editado um decreto que amplia as exig\u00eancias para os \u00f3rg\u00e3os do governo pedirem a abertura de novos concursos p\u00fablicos.<\/p>\n<p style=\"text-align: justify;\">Segundo o texto, para pleitear a realiza\u00e7\u00e3o de concurso p\u00fablico, o \u00f3rg\u00e3o ter\u00e1 que apresentar ao menos 14 informa\u00e7\u00f5es ao Minist\u00e9rio da Economia, respons\u00e1vel por autorizar os concursos. O \u00f3rg\u00e3o precisa informar, por exemplo, a evolu\u00e7\u00e3o do quadro de pessoal nos \u00faltimos cinco anos, com movimenta\u00e7\u00f5es, ingressos, desligamentos, aposentadorias e a estimativa de aposentadorias, por cargo, para os pr\u00f3ximos cinco anos, al\u00e9m do quantitativo de servidores ou empregados cedidos e o n\u00famero de cess\u00f5es realizadas nos \u00faltimos cinco anos.<\/p>\n<p style=\"text-align: justify;\">Tamb\u00e9m ser\u00e1 necess\u00e1rio apresentar dados sobre o uso de solu\u00e7\u00f5es digitais que evitaram custos com pessoal, mas que n\u00e3o foram suficientes para suprir o d\u00e9ficit de m\u00e3o de obra, e ainda se eventuais remanejamentos internos ou entre \u00f3rg\u00e3os n\u00e3o foram capazes de resolver as necessidades por for\u00e7a de trabalho. O \u00f3rg\u00e3o deve ainda demonstrar se as atividades que justificariam o concurso p\u00fablico n\u00e3o poderiam ser prestadas por equipes terceirizadas.<\/p>\n<p style=\"text-align: justify;\">Em fevereiro, o secret\u00e1rio especial de Desburocratiza\u00e7\u00e3o, Gest\u00e3o e Governo Digital do Minist\u00e9rio da Economia, Paulo Uebel, antecipou ao Broadcast que as mudan\u00e7as visam a \u201cracionalizar\u201d os pedidos dos \u00f3rg\u00e3os que hoje s\u00e3o frequentes: mais concursos, mais or\u00e7amento e mais cargos.<\/p>\n<p style=\"text-align: justify;\">Fonte: Estad\u00e3o \/ CONTEC<\/p>\n","protected":false},"excerpt":{"rendered":"<p class=\"excerpt\">Imagem: F\u00e1tima Meira\/Futura Press\/Estad\u00e3o Conte\u00fado Presidente afirmou que apenas a Pol\u00edcia Federal e a Pol\u00edcia Rodovi\u00e1ria Federal devem abrir sele\u00e7\u00f5es (Fabr\u00edcio de Castro, Luci Ribeiro) O presidente Jair Bolsonaro afirmou neste s\u00e1bado, 22, que o ministro da Economia, Paulo Guedes, decidiu reduzir concursos p\u00fablicos no Executivo e restringi-los a poucas \u00e1reas. O presidente citou como [&hellip;]<\/p>\n","protected":false},"author":2,"featured_media":9580,"comment_status":"closed","ping_status":"closed","sticky":false,"template":"","format":"standard","meta":{"_et_pb_use_builder":"","_et_pb_old_content":"","_et_gb_content_width":"","footnotes":""},"categories":[13],"tags":[],"class_list":["post-9579","post","type-post","status-publish","format-standard","has-post-thumbnail","hentry","category-noticias"],"_links":{"self":[{"href":"https:\/\/sjcbancarios.com.br\/site\/wp-json\/wp\/v2\/posts\/9579","targetHints":{"allow":["GET"]}}],"collection":[{"href":"https:\/\/sjcbancarios.com.br\/site\/wp-json\/wp\/v2\/posts"}],"about":[{"href":"https:\/\/sjcbancarios.com.br\/site\/wp-json\/wp\/v2\/types\/post"}],"author":[{"embeddable":true,"href":"https:\/\/sjcbancarios.com.br\/site\/wp-json\/wp\/v2\/users\/2"}],"replies":[{"embeddable":true,"href":"https:\/\/sjcbancarios.com.br\/site\/wp-json\/wp\/v2\/comments?post=9579"}],"version-history":[{"count":0,"href":"https:\/\/sjcbancarios.com.br\/site\/wp-json\/wp\/v2\/posts\/9579\/revisions"}],"wp:featuredmedia":[{"embeddable":true,"href":"https:\/\/sjcbancarios.com.br\/site\/wp-json\/wp\/v2\/media\/9580"}],"wp:attachment":[{"href":"https:\/\/sjcbancarios.com.br\/site\/wp-json\/wp\/v2\/media?parent=9579"}],"wp:term":[{"taxonomy":"category","embeddable":true,"href":"https:\/\/sjcbancarios.com.br\/site\/wp-json\/wp\/v2\/categories?post=9579"},{"taxonomy":"post_tag","embeddable":true,"href":"https:\/\/sjcbancarios.com.br\/site\/wp-json\/wp\/v2\/tags?post=9579"}],"curies":[{"name":"wp","href":"https:\/\/api.w.org\/{rel}","templated":true}]}}