{"id":9553,"date":"2019-06-11T14:29:36","date_gmt":"2019-06-11T17:29:36","guid":{"rendered":"http:\/\/sjcbancarios.com.br\/site\/?p=9553"},"modified":"2019-06-11T14:29:36","modified_gmt":"2019-06-11T17:29:36","slug":"brasil-na-lista-suja-da-oit","status":"publish","type":"post","link":"https:\/\/sjcbancarios.com.br\/site\/noticias\/brasil-na-lista-suja-da-oit\/","title":{"rendered":"Brasil na \u201cLista Suja\u201d da OIT"},"content":{"rendered":"<p style=\"text-align: justify;\">A comiss\u00e3o de normas da Organiza\u00e7\u00e3o Internacional do Trabalho (OIT) manteve o Brasil na lista de 24 pa\u00edses, que mais violam conven\u00e7\u00f5es internacionais do trabalho. A decis\u00e3o foi tomada na manh\u00e3 desta ter\u00e7a feira, 11 de junho.<\/p>\n<p style=\"text-align: justify;\">A inclus\u00e3o se deu porque a reforma trabalhista aprovada no governo Temer violou a conven\u00e7\u00e3o 98, relativa \u00e0 aplica\u00e7\u00e3o dos princ\u00edpios do direito de organiza\u00e7\u00e3o e de negocia\u00e7\u00e3o coletiva.<\/p>\n<p style=\"text-align: justify;\">A Uni\u00e3o Geral dos Trabalhadores (UGT-Brasil), juntamente com outras centrais sindicais, emitiu nota sobre o tema lamentando o posicionamento do governo brasileiro e cobrando respostas imediatas.<\/p>\n<p style=\"text-align: justify;\">Confira no link abaixo:<\/p>\n<p style=\"text-align: justify;\"><a href=\"https:\/\/contec.org.br\/wp-content\/uploads\/2019\/06\/Nota-das-Centrais-OIT-2019-1.pdf\" target=\"_blank\" rel=\"noopener\">Nota das Centrais OIT 2019 (1)<\/a><\/p>\n","protected":false},"excerpt":{"rendered":"<p class=\"excerpt\">A comiss\u00e3o de normas da Organiza\u00e7\u00e3o Internacional do Trabalho (OIT) manteve o Brasil na lista de 24 pa\u00edses, que mais violam conven\u00e7\u00f5es internacionais do trabalho. A decis\u00e3o foi tomada na manh\u00e3 desta ter\u00e7a feira, 11 de junho. A inclus\u00e3o se deu porque a reforma trabalhista aprovada no governo Temer violou a conven\u00e7\u00e3o 98, relativa \u00e0 [&hellip;]<\/p>\n","protected":false},"author":2,"featured_media":9554,"comment_status":"closed","ping_status":"closed","sticky":false,"template":"","format":"standard","meta":{"_et_pb_use_builder":"","_et_pb_old_content":"","_et_gb_content_width":"","footnotes":""},"categories":[13],"tags":[],"class_list":["post-9553","post","type-post","status-publish","format-standard","has-post-thumbnail","hentry","category-noticias"],"_links":{"self":[{"href":"https:\/\/sjcbancarios.com.br\/site\/wp-json\/wp\/v2\/posts\/9553","targetHints":{"allow":["GET"]}}],"collection":[{"href":"https:\/\/sjcbancarios.com.br\/site\/wp-json\/wp\/v2\/posts"}],"about":[{"href":"https:\/\/sjcbancarios.com.br\/site\/wp-json\/wp\/v2\/types\/post"}],"author":[{"embeddable":true,"href":"https:\/\/sjcbancarios.com.br\/site\/wp-json\/wp\/v2\/users\/2"}],"replies":[{"embeddable":true,"href":"https:\/\/sjcbancarios.com.br\/site\/wp-json\/wp\/v2\/comments?post=9553"}],"version-history":[{"count":0,"href":"https:\/\/sjcbancarios.com.br\/site\/wp-json\/wp\/v2\/posts\/9553\/revisions"}],"wp:featuredmedia":[{"embeddable":true,"href":"https:\/\/sjcbancarios.com.br\/site\/wp-json\/wp\/v2\/media\/9554"}],"wp:attachment":[{"href":"https:\/\/sjcbancarios.com.br\/site\/wp-json\/wp\/v2\/media?parent=9553"}],"wp:term":[{"taxonomy":"category","embeddable":true,"href":"https:\/\/sjcbancarios.com.br\/site\/wp-json\/wp\/v2\/categories?post=9553"},{"taxonomy":"post_tag","embeddable":true,"href":"https:\/\/sjcbancarios.com.br\/site\/wp-json\/wp\/v2\/tags?post=9553"}],"curies":[{"name":"wp","href":"https:\/\/api.w.org\/{rel}","templated":true}]}}