{"id":9542,"date":"2019-06-11T14:22:39","date_gmt":"2019-06-11T17:22:39","guid":{"rendered":"http:\/\/sjcbancarios.com.br\/site\/?p=9542"},"modified":"2019-06-11T14:22:39","modified_gmt":"2019-06-11T17:22:39","slug":"proposta-de-capitalizacao-e-inconstitucional","status":"publish","type":"post","link":"https:\/\/sjcbancarios.com.br\/site\/noticias\/proposta-de-capitalizacao-e-inconstitucional\/","title":{"rendered":"Proposta de capitaliza\u00e7\u00e3o \u00e9 inconstitucional"},"content":{"rendered":"<p style=\"text-align: justify;\"><em>Parecer aponta que regime proposto pelo governo aumenta desigualdades e fracassou nos pa\u00edses da Europa e Am\u00e9rica Latina que tentaram implant\u00e1-lo<\/em><\/p>\n<p style=\"text-align: justify;\">Em um parecer enviado ao Congresso Nacioal, a Procuradoria Federal dos Direitos do Cidad\u00e3o (PFDC), que integra o Minist\u00e9rio P\u00fablico Federal, classificou a reforma da Previd\u00eancia proposta pelo governo de Jair Bolsonaro (PSL) como inconstitucional. A nota t\u00e9cnica critica, principalmente, a proposta de capitaliza\u00e7\u00e3o do regime de aposentadorias.<\/p>\n<p style=\"text-align: justify;\">Segundo a an\u00e1lise, o regime de capitaliza\u00e7\u00e3o altera os princ\u00edpios de distribui\u00e7\u00e3o de renda estabelecidos pela Constitui\u00e7\u00e3o Federal de 1988. O MPF aponta, ainda, que a nova Previd\u00eancia \u201cdesconstitucionaliza\u201d direitos b\u00e1sicos, uma vez que idade m\u00ednima, tempo de contribui\u00e7\u00e3o necess\u00e1rios, regras de c\u00e1lculos e outras determina\u00e7\u00f5es passar\u00e3o a ser decididas por lei complementar , podendo ser mais facilmente alteradas.<\/p>\n<p style=\"text-align: justify;\">\u201cN\u00e3o h\u00e1 como negar que os temas atinentes \u00e0 capitaliza\u00e7\u00e3o e \u00e0 desconstitucionaliza\u00e7\u00e3o dos principais vetores da Previd\u00eancia alteram o n\u00facleo essencial da Constitui\u00e7\u00e3o de 1988\u201d, diz a nota.<\/p>\n<p style=\"text-align: justify;\">A proposta de capitaliza\u00e7\u00e3o \u00e9 chamada de ego\u00edsta e incompat\u00edvel com um dos princ\u00edpios da Constitui\u00e7\u00e3o, que \u00e9 o da solidariedade. \u201cA ideia for\u00e7a da capitaliza\u00e7\u00e3o proposta pela reforma da previd\u00eancia \u2013 comumente chamada de \u2018poupan\u00e7a individual\u2019 \u2013 \u00e9 a do m\u00e1ximo ego\u00edsmo, em que cada qual orienta o seu destino a partir de si, exclusivamente. Nada mais incompat\u00edvel, portanto, com o princ\u00edpio regulativo da sociedade brasileira, inscrito no art. 3\u00ba da Constitui\u00e7\u00e3o Federal, que \u00e9 o da solidariedade\u201d, escreve.<\/p>\n<p style=\"text-align: justify;\">O MPF menciona ainda o artigo 195, que determina que \u201ca seguridade social ser\u00e1 financiada por toda a sociedade, de forma direta e indireta (\u2026), mediante recursos provenientes dos or\u00e7amentos da Uni\u00e3o, dos estados, do Distrito Federal e dos munic\u00edpios.\u201d<\/p>\n<p style=\"text-align: justify;\">Al\u00e9m disso, a procuradoria afirma que esse regime deve agumantar a desigualdade de renda e de g\u00eanero, indo na contram\u00e3o do \u201cgrande investimento constitucional na redu\u00e7\u00e3o das desigualdades e discrimina\u00e7\u00f5es de todos os tipos.\u201d<\/p>\n<p style=\"text-align: justify;\"><strong>O fracasso da capitaliza\u00e7\u00e3o<\/strong><br \/>\nO documento lembra tamb\u00e9m um estudo recente feito pela OIT (Organiza\u00e7\u00e3o Internacional do Trabalho), que analisa que pa\u00edses do Leste Europeu e da Am\u00e9rica Latina (como Argentina, Chile, Bol\u00edvia e Peru) que adotaram a capitaliza\u00e7\u00e3o fracassaram e acabaram revistos em 60% dos pa\u00edses que o implantaram nas \u00faltimas tr\u00eas d\u00e9cadas.<\/p>\n<p style=\"text-align: justify;\">\u201cTendo em vista a revers\u00e3o da privatiza\u00e7\u00e3o pela maioria dos pa\u00edses e a acumula\u00e7\u00e3o de evid\u00eancias sobre os impactos sociais e econ\u00f4micos negativos da privatiza\u00e7\u00e3o, pode-se afirmar que o experimento da privatiza\u00e7\u00e3o fracassou\u201d, aponta.<\/p>\n<p style=\"text-align: justify;\">Fonte: Brasil Econ\u00f4mico \/ CONTEC<\/p>\n","protected":false},"excerpt":{"rendered":"<p class=\"excerpt\">Parecer aponta que regime proposto pelo governo aumenta desigualdades e fracassou nos pa\u00edses da Europa e Am\u00e9rica Latina que tentaram implant\u00e1-lo Em um parecer enviado ao Congresso Nacioal, a Procuradoria Federal dos Direitos do Cidad\u00e3o (PFDC), que integra o Minist\u00e9rio P\u00fablico Federal, classificou a reforma da Previd\u00eancia proposta pelo governo de Jair Bolsonaro (PSL) como [&hellip;]<\/p>\n","protected":false},"author":2,"featured_media":9543,"comment_status":"closed","ping_status":"closed","sticky":false,"template":"","format":"standard","meta":{"_et_pb_use_builder":"","_et_pb_old_content":"","_et_gb_content_width":"","footnotes":""},"categories":[13],"tags":[],"class_list":["post-9542","post","type-post","status-publish","format-standard","has-post-thumbnail","hentry","category-noticias"],"_links":{"self":[{"href":"https:\/\/sjcbancarios.com.br\/site\/wp-json\/wp\/v2\/posts\/9542","targetHints":{"allow":["GET"]}}],"collection":[{"href":"https:\/\/sjcbancarios.com.br\/site\/wp-json\/wp\/v2\/posts"}],"about":[{"href":"https:\/\/sjcbancarios.com.br\/site\/wp-json\/wp\/v2\/types\/post"}],"author":[{"embeddable":true,"href":"https:\/\/sjcbancarios.com.br\/site\/wp-json\/wp\/v2\/users\/2"}],"replies":[{"embeddable":true,"href":"https:\/\/sjcbancarios.com.br\/site\/wp-json\/wp\/v2\/comments?post=9542"}],"version-history":[{"count":0,"href":"https:\/\/sjcbancarios.com.br\/site\/wp-json\/wp\/v2\/posts\/9542\/revisions"}],"wp:featuredmedia":[{"embeddable":true,"href":"https:\/\/sjcbancarios.com.br\/site\/wp-json\/wp\/v2\/media\/9543"}],"wp:attachment":[{"href":"https:\/\/sjcbancarios.com.br\/site\/wp-json\/wp\/v2\/media?parent=9542"}],"wp:term":[{"taxonomy":"category","embeddable":true,"href":"https:\/\/sjcbancarios.com.br\/site\/wp-json\/wp\/v2\/categories?post=9542"},{"taxonomy":"post_tag","embeddable":true,"href":"https:\/\/sjcbancarios.com.br\/site\/wp-json\/wp\/v2\/tags?post=9542"}],"curies":[{"name":"wp","href":"https:\/\/api.w.org\/{rel}","templated":true}]}}