{"id":9540,"date":"2019-06-10T14:16:52","date_gmt":"2019-06-10T17:16:52","guid":{"rendered":"http:\/\/sjcbancarios.com.br\/site\/?p=9540"},"modified":"2019-06-26T12:01:43","modified_gmt":"2019-06-26T15:01:43","slug":"mobilizacao-faz-santander-recuar-abertura-aos-sabados","status":"publish","type":"post","link":"https:\/\/sjcbancarios.com.br\/site\/bancos\/santander\/mobilizacao-faz-santander-recuar-abertura-aos-sabados\/","title":{"rendered":"Mobiliza\u00e7\u00e3o faz Santander recuar abertura aos s\u00e1bados"},"content":{"rendered":"<p style=\"text-align: justify;\">Depois das mobiliza\u00e7\u00f5es dos Sindicatos contra a abertura das ag\u00eancias do Santander aos s\u00e1bados, o banco recuou e enviou comunicado para nove unidades informando a descontinuidade do projeto de \u201corienta\u00e7\u00e3o financeira\u201d. Na regi\u00e3o, o projeto foi encerrado na ag\u00eancia 3310 em S\u00e3o Jos\u00e9 dos Campos, ap\u00f3s os protestos realizados nos s\u00e1bados, dia 31 de maio e 1\u00ba de junho.<\/p>\n<p>Durante as mobiliza\u00e7\u00f5es os dirigentes denunciaram os abusos do banco, que sob a justificativa de trabalho \u201cvolunt\u00e1rio\u201d, induziu os funcion\u00e1rios a trabalharem de gra\u00e7a oferecendo consultoria a clientes e usu\u00e1rios.<\/p>\n<p>\u201cFoi uma vit\u00f3ria para os banc\u00e1rios do Santander e continuaremos sempre atentos e na luta para garantir o direito do banc\u00e1rio. Trabalho aos s\u00e1bados \u00e9 uma viola\u00e7\u00e3o \u00e0 CCT e \u00e0 legisla\u00e7\u00e3o trabalhista e n\u00e3o vamos aceitar\u201d, disse Geraldo Soares dos Santos, presidente do Sindicato. <\/p>\n","protected":false},"excerpt":{"rendered":"<p class=\"excerpt\">Depois das mobiliza\u00e7\u00f5es dos Sindicatos contra a abertura das ag\u00eancias do Santander aos s\u00e1bados, o banco recuou e enviou comunicado para nove unidades informando a descontinuidade do projeto de \u201corienta\u00e7\u00e3o financeira\u201d. Na regi\u00e3o, o projeto foi encerrado na ag\u00eancia 3310 em S\u00e3o Jos\u00e9 dos Campos, ap\u00f3s os protestos realizados nos s\u00e1bados, dia 31 de maio [&hellip;]<\/p>\n","protected":false},"author":2,"featured_media":9457,"comment_status":"closed","ping_status":"closed","sticky":false,"template":"","format":"standard","meta":{"_et_pb_use_builder":"","_et_pb_old_content":"","_et_gb_content_width":"","footnotes":""},"categories":[155,4],"tags":[],"class_list":["post-9540","post","type-post","status-publish","format-standard","has-post-thumbnail","hentry","category-noticias-em-destaque","category-santander"],"_links":{"self":[{"href":"https:\/\/sjcbancarios.com.br\/site\/wp-json\/wp\/v2\/posts\/9540","targetHints":{"allow":["GET"]}}],"collection":[{"href":"https:\/\/sjcbancarios.com.br\/site\/wp-json\/wp\/v2\/posts"}],"about":[{"href":"https:\/\/sjcbancarios.com.br\/site\/wp-json\/wp\/v2\/types\/post"}],"author":[{"embeddable":true,"href":"https:\/\/sjcbancarios.com.br\/site\/wp-json\/wp\/v2\/users\/2"}],"replies":[{"embeddable":true,"href":"https:\/\/sjcbancarios.com.br\/site\/wp-json\/wp\/v2\/comments?post=9540"}],"version-history":[{"count":0,"href":"https:\/\/sjcbancarios.com.br\/site\/wp-json\/wp\/v2\/posts\/9540\/revisions"}],"wp:featuredmedia":[{"embeddable":true,"href":"https:\/\/sjcbancarios.com.br\/site\/wp-json\/wp\/v2\/media\/9457"}],"wp:attachment":[{"href":"https:\/\/sjcbancarios.com.br\/site\/wp-json\/wp\/v2\/media?parent=9540"}],"wp:term":[{"taxonomy":"category","embeddable":true,"href":"https:\/\/sjcbancarios.com.br\/site\/wp-json\/wp\/v2\/categories?post=9540"},{"taxonomy":"post_tag","embeddable":true,"href":"https:\/\/sjcbancarios.com.br\/site\/wp-json\/wp\/v2\/tags?post=9540"}],"curies":[{"name":"wp","href":"https:\/\/api.w.org\/{rel}","templated":true}]}}