{"id":9517,"date":"2019-06-06T10:21:57","date_gmt":"2019-06-06T13:21:57","guid":{"rendered":"http:\/\/sjcbancarios.com.br\/site\/?p=9517"},"modified":"2019-06-06T10:21:57","modified_gmt":"2019-06-06T13:21:57","slug":"tuitaco-contra-a-reforma-e-leva-hashtag-ao-2o-lugar-no-brasil","status":"publish","type":"post","link":"https:\/\/sjcbancarios.com.br\/site\/noticias\/tuitaco-contra-a-reforma-e-leva-hashtag-ao-2o-lugar-no-brasil\/","title":{"rendered":"Tuita\u00e7o contra a reforma e leva hashtag ao 2\u00ba lugar no Brasil"},"content":{"rendered":"<p style=\"text-align: justify;\">Deputados da oposi\u00e7\u00e3o e internautas contr\u00e1rios ao governo Bolsonaro se mobilizaram nas redes sociais para fazer um \u201ctuita\u00e7o\u201d com o objetivo de alavancar a hashtag #QueReforma\u00c9Essa, criticando e questionando a reforma da Previd\u00eancia proposta pelo ministro da Economia, Paulo Guedes. Em pouco mais de uma hora o movimento colocou a hashtag em segundo lugar nos Trending Topics do Brasil, no Twitter. A hashtag \u00e9 o mote da campanha lan\u00e7ada nesta ter\u00e7a-feira (4\/6)<\/p>\n<p style=\"text-align: justify;\">A estrat\u00e9gia dos divulgadores da campanha \u00e9 popularizar o site reformadaprevidenciabrasil.com.br.<\/p>\n<p style=\"text-align: justify;\">O endere\u00e7o virtual leva a um site com not\u00edcias cujos t\u00edtulos s\u00e3o cr\u00edticos \u00e0 proposta do governo como \u201cReforma da Previd\u00eancia de Bolsonaro prejudica professoras\u201d, \u201cEconomistas questionam necessidade de reforma da Previd\u00eancia\u201d e \u201cEm dez anos, reforma da Previd\u00eancia vai acabar com 5 milh\u00f5es de empregos\u201d.<\/p>\n<p style=\"text-align: justify;\">No site, ao clicar no bot\u00e3o \u201cpressione um deputado\u201d, o usu\u00e1rio \u00e9 redirecionado a uma p\u00e1gina onde \u00e9 poss\u00edvel escolher um deputado federal e enviar uma mensagem autom\u00e1tica que pede um voto contr\u00e1rio \u00e0 reforma das aposentadorias. O texto da mensagem argumenta que \u201cessa Reforma perversa vai for\u00e7ar os brasileiros, principalmente os mais pobres, a trabalharem mais para viver com menos.\u201d<\/p>\n<p style=\"text-align: justify;\">A deputada Jandira Feghali, do PCdoB do Rio de Janeiro, \u00e9 uma das mais ass\u00edduas na alavancagem do questionamento, com mais de 40 postagens sobre a reforma, todas cr\u00edticas \u00e0 reforma de Guedes e Bolsonaro.<\/p>\n<p style=\"text-align: justify;\">O ga\u00facho Pompeo De Mattos, do PDT, afirmou que o sistema de capitaliza\u00e7\u00e3o previdenci\u00e1ria s\u00f3 agrada ao mercado financeiro, enquanto o petista Jos\u00e9 Guimar\u00e3es diz que, no Chile, \u201ca reforma de Guedes deixa aposentados na mis\u00e9ria\u201d.<\/p>\n<p style=\"text-align: justify;\">Um v\u00eddeo do ex-banqueiro Eduardo Moreira, afirmando que o governo mente ao dizer que a reforma ataca os privil\u00e9gios dos mais favorecidos, \u00e9 denominador comum entre as postagens dos parlamentares de oposi\u00e7\u00e3o. A deputada S\u00e2mia Bomfim, do PSOL de S\u00e3o Paulo, compartilhou o v\u00eddeo afirmando que a proposta que tramita no Congresso \u00e9 \u201co caminho para o fim da seguridade social\u201d.<\/p>\n<p style=\"text-align: justify;\">A #QueReforma\u00c9Essa era o segundo assunto mais publicado no Twitter do Brasil. A hashtag era amplamente utilizada por parlamentares do PT, PC do B, PSOL, PDT e PSB. Fonte: Correio Braziliense<\/p>\n<p style=\"text-align: justify;\">Fonte: CONTEC<\/p>\n","protected":false},"excerpt":{"rendered":"<p class=\"excerpt\">Deputados da oposi\u00e7\u00e3o e internautas contr\u00e1rios ao governo Bolsonaro se mobilizaram nas redes sociais para fazer um \u201ctuita\u00e7o\u201d com o objetivo de alavancar a hashtag #QueReforma\u00c9Essa, criticando e questionando a reforma da Previd\u00eancia proposta pelo ministro da Economia, Paulo Guedes. Em pouco mais de uma hora o movimento colocou a hashtag em segundo lugar nos [&hellip;]<\/p>\n","protected":false},"author":2,"featured_media":9518,"comment_status":"closed","ping_status":"closed","sticky":false,"template":"","format":"standard","meta":{"_et_pb_use_builder":"","_et_pb_old_content":"","_et_gb_content_width":"","footnotes":""},"categories":[13],"tags":[],"class_list":["post-9517","post","type-post","status-publish","format-standard","has-post-thumbnail","hentry","category-noticias"],"_links":{"self":[{"href":"https:\/\/sjcbancarios.com.br\/site\/wp-json\/wp\/v2\/posts\/9517","targetHints":{"allow":["GET"]}}],"collection":[{"href":"https:\/\/sjcbancarios.com.br\/site\/wp-json\/wp\/v2\/posts"}],"about":[{"href":"https:\/\/sjcbancarios.com.br\/site\/wp-json\/wp\/v2\/types\/post"}],"author":[{"embeddable":true,"href":"https:\/\/sjcbancarios.com.br\/site\/wp-json\/wp\/v2\/users\/2"}],"replies":[{"embeddable":true,"href":"https:\/\/sjcbancarios.com.br\/site\/wp-json\/wp\/v2\/comments?post=9517"}],"version-history":[{"count":0,"href":"https:\/\/sjcbancarios.com.br\/site\/wp-json\/wp\/v2\/posts\/9517\/revisions"}],"wp:featuredmedia":[{"embeddable":true,"href":"https:\/\/sjcbancarios.com.br\/site\/wp-json\/wp\/v2\/media\/9518"}],"wp:attachment":[{"href":"https:\/\/sjcbancarios.com.br\/site\/wp-json\/wp\/v2\/media?parent=9517"}],"wp:term":[{"taxonomy":"category","embeddable":true,"href":"https:\/\/sjcbancarios.com.br\/site\/wp-json\/wp\/v2\/categories?post=9517"},{"taxonomy":"post_tag","embeddable":true,"href":"https:\/\/sjcbancarios.com.br\/site\/wp-json\/wp\/v2\/tags?post=9517"}],"curies":[{"name":"wp","href":"https:\/\/api.w.org\/{rel}","templated":true}]}}