{"id":9514,"date":"2019-06-06T10:20:27","date_gmt":"2019-06-06T13:20:27","guid":{"rendered":"http:\/\/sjcbancarios.com.br\/site\/?p=9514"},"modified":"2019-06-06T10:20:27","modified_gmt":"2019-06-06T13:20:27","slug":"chantagens-pela-reforma-da-previdencia-sao-iguais-as-da-reforma-trabalhista","status":"publish","type":"post","link":"https:\/\/sjcbancarios.com.br\/site\/noticias\/chantagens-pela-reforma-da-previdencia-sao-iguais-as-da-reforma-trabalhista\/","title":{"rendered":"Chantagens pela Reforma da Previd\u00eancia s\u00e3o iguais \u00e0s da Reforma Trabalhista"},"content":{"rendered":"<p style=\"text-align: justify;\">O governo Michel Temer e seus patrocinadores venderam que a Reforma Trabalhista removeria todos os \u201centraves\u201d para que uma torrente de leite e mel corresse pelo meio-fio das ruas e avenidas nas grandes cidades brasileiras e pelas estradas de ch\u00e3o no campo. E, galopando por elas, brilhantes unic\u00f3rnios vomitariam arco-\u00edris perfumados sobre as contas banc\u00e1rias dos mais pobres. Sem contar as fadinhas, que distribuiriam carimbos nas carteiras de trabalho do Monte Cabura\u00ed ao Chu\u00ed.<\/p>\n<p style=\"text-align: justify;\">Na \u00e9poca, os cr\u00edticos alertaram que reduzir a prote\u00e7\u00e3o \u00e0 sa\u00fade e seguran\u00e7a dos trabalhadores mais vulner\u00e1veis n\u00e3o derrubaria as altas taxas de desemprego. Nos meses seguintes \u00e0 aprova\u00e7\u00e3o da reforma, diante de uma economia que patinava e, com ela, o emprego, muitos mudaram o discurso: era necess\u00e1rio aprovar tamb\u00e9m a Reforma da Previd\u00eancia para que a gera\u00e7\u00e3o de empregos acontecesse.<\/p>\n<p style=\"text-align: justify;\">Agora, o governo Jair Bolsonaro e seus patrocinadores vendem que a Reforma da Previd\u00eancia remover\u00e1 todos os \u201centraves\u201d para que uma torrente de leite e mel corra pelo meio-fio das ruas e avenidas nas grandes cidades brasileiras e pelas estradas de ch\u00e3o no campo. E, galopando por elas, brilhantes unic\u00f3rnios vomitar\u00e3o arco-\u00edris perfumados sobre as contas banc\u00e1rias dos mais pobres. Sem contar as fadinhas, que distribuir\u00e3o carimbos nas carteiras de trabalho do Monte Cabura\u00ed ao Chu\u00ed.<\/p>\n<p style=\"text-align: justify;\">Neste momento, os cr\u00edticos alertam que reduzir a prote\u00e7\u00e3o dos trabalhadores mais vulner\u00e1veis, como rurais e idosos em situa\u00e7\u00e3o de mis\u00e9ria, n\u00e3o derrubar\u00e1 as altas taxas de desemprego. Mas nem aprovada a Reforma da Previd\u00eancia foi ainda e o discurso j\u00e1 come\u00e7a a se adaptar, diante de uma economia que patina e, com ela, o emprego: \u00e9 necess\u00e1rio tamb\u00e9m a Reforma Tribut\u00e1ria, a privatiza\u00e7\u00e3o da maior quantidade de poss\u00edvel de estatais, a derrubada do C\u00f3digo Florestal, o afrouxamento da fiscaliza\u00e7\u00e3o trabalhista e ambiental, o fim da prote\u00e7\u00e3o aos territ\u00f3rios ind\u00edgenas.<\/p>\n<p style=\"text-align: justify;\">Ou seja, apagar parte dos objetivos fundamentais da Rep\u00fablica, previstos no artigo 3o da Constitui\u00e7\u00e3o \u2013 que incluem o desenvolvimento nacional, mas tamb\u00e9m a erradica\u00e7\u00e3o da pobreza, a redu\u00e7\u00e3o das desigualdades sociais e regionais, a promo\u00e7\u00e3o do bem de todos e a constru\u00e7\u00e3o de uma sociedade livre, mas tamb\u00e9m justa e solid\u00e1ria.<\/p>\n<p style=\"text-align: justify;\">Mudam os tempos verbais, mas o discurso continua o mesmo. O que mostra que realmente a hist\u00f3ria se repete, primeiro como trag\u00e9dia e, depois, como farsa. O problema \u00e9 que sem pol\u00edticas de emprego, pol\u00edticas de educa\u00e7\u00e3o, enfim, sem projeto de pa\u00eds, o presidente encena uma com\u00e9dia enquanto os trabalhadores vivem um drama.<\/p>\n<p style=\"text-align: justify;\">O Brasil precisa de uma revis\u00e3o de seu sistema de aposentadorias, dos regimes privado e p\u00fablico, considerando que estamos vivendo mais. Uma discuss\u00e3o democr\u00e1tica, com a participa\u00e7\u00e3o de governo, empres\u00e1rios, trabalhadores e sociedade, sem a\u00e7odamento, \u00e9 a condi\u00e7\u00e3o para mudan\u00e7as. E os mais pobres, como idosos em condi\u00e7\u00e3o de miserabilidade, trabalhadores rurais e pensionistas n\u00e3o podem ser prejudicados.<\/p>\n<p style=\"text-align: justify;\">O que \u00e9 inadmiss\u00edvel \u00e9 que a mesma chantagem que foi aplicada, dia e noite, durante o governo Temer reapare\u00e7a usando o mesmo argumento, com a cara mais lavada deste mundo.<\/p>\n<p style=\"text-align: justify;\">Discute-se, e com raz\u00e3o, o estelionato eleitoral do governo Dilma Rousseff ao colocar em pr\u00e1tica, no in\u00edcio de seu segundo governo, pol\u00edticas econ\u00f4micas que ela havia combatido em campanha. Por\u00e9m, o estelionato pol\u00edtico da Reforma Trabalhista \u00e9 algo do qual raramente se fala. E nesse v\u00e1cuo de autocr\u00edtica, outro j\u00e1 se apresenta.<\/p>\n<p style=\"text-align: justify;\">Em momentos de crise econ\u00f4mica, discute-se como reduzir os direitos para evitar diminui\u00e7\u00e3o de crescimento. Em momentos de pujan\u00e7a, discute-se como reduzir os direitos para crescer mais r\u00e1pido e garantir competitividade em um mercado global. Se correr o bicho pega, se ficar o bicho come.<\/p>\n<p style=\"text-align: justify;\">A discuss\u00e3o da Reforma da Previd\u00eancia deveria ser feita de forma s\u00e9ria e tranquila, sem promessas de que todos ver\u00e3o unic\u00f3rnios de luz, comer\u00e3o man\u00e1 do c\u00e9u ou presenciar\u00e3o o pa\u00eds entrar em situa\u00e7\u00e3o de pleno emprego quando o Estado for reduzido a p\u00f3. De fantasia, j\u00e1 basta o que aparece, de tempos em tempos, no Twitter do presidente.<\/p>\n<p style=\"text-align: justify;\">Em tempo: Como j\u00e1 perguntei aqui antes, qual a diferen\u00e7a entre uma chefe de fam\u00edlia, que vende bolo na rua para alimentar os filhos desde que perdeu o emprego, e tinha certeza que sua vida n\u00e3o estava melhorando e membros do governo, economistas e analistas que proferiam discursos triunfantes sobre a retomada da economia e diziam que estava sim? Ela, que n\u00e3o tem o ensino m\u00e9dio completo ao contr\u00e1rio dos doutores, infelizmente, tinha raz\u00e3o.<\/p>\n<p style=\"text-align: justify;\">Fonte: UOL \/ CONTEC<\/p>\n","protected":false},"excerpt":{"rendered":"<p class=\"excerpt\">O governo Michel Temer e seus patrocinadores venderam que a Reforma Trabalhista removeria todos os \u201centraves\u201d para que uma torrente de leite e mel corresse pelo meio-fio das ruas e avenidas nas grandes cidades brasileiras e pelas estradas de ch\u00e3o no campo. E, galopando por elas, brilhantes unic\u00f3rnios vomitariam arco-\u00edris perfumados sobre as contas banc\u00e1rias [&hellip;]<\/p>\n","protected":false},"author":2,"featured_media":9515,"comment_status":"closed","ping_status":"closed","sticky":false,"template":"","format":"standard","meta":{"_et_pb_use_builder":"","_et_pb_old_content":"","_et_gb_content_width":"","footnotes":""},"categories":[13],"tags":[],"class_list":["post-9514","post","type-post","status-publish","format-standard","has-post-thumbnail","hentry","category-noticias"],"_links":{"self":[{"href":"https:\/\/sjcbancarios.com.br\/site\/wp-json\/wp\/v2\/posts\/9514","targetHints":{"allow":["GET"]}}],"collection":[{"href":"https:\/\/sjcbancarios.com.br\/site\/wp-json\/wp\/v2\/posts"}],"about":[{"href":"https:\/\/sjcbancarios.com.br\/site\/wp-json\/wp\/v2\/types\/post"}],"author":[{"embeddable":true,"href":"https:\/\/sjcbancarios.com.br\/site\/wp-json\/wp\/v2\/users\/2"}],"replies":[{"embeddable":true,"href":"https:\/\/sjcbancarios.com.br\/site\/wp-json\/wp\/v2\/comments?post=9514"}],"version-history":[{"count":0,"href":"https:\/\/sjcbancarios.com.br\/site\/wp-json\/wp\/v2\/posts\/9514\/revisions"}],"wp:featuredmedia":[{"embeddable":true,"href":"https:\/\/sjcbancarios.com.br\/site\/wp-json\/wp\/v2\/media\/9515"}],"wp:attachment":[{"href":"https:\/\/sjcbancarios.com.br\/site\/wp-json\/wp\/v2\/media?parent=9514"}],"wp:term":[{"taxonomy":"category","embeddable":true,"href":"https:\/\/sjcbancarios.com.br\/site\/wp-json\/wp\/v2\/categories?post=9514"},{"taxonomy":"post_tag","embeddable":true,"href":"https:\/\/sjcbancarios.com.br\/site\/wp-json\/wp\/v2\/tags?post=9514"}],"curies":[{"name":"wp","href":"https:\/\/api.w.org\/{rel}","templated":true}]}}