{"id":9511,"date":"2019-06-06T10:18:57","date_gmt":"2019-06-06T13:18:57","guid":{"rendered":"http:\/\/sjcbancarios.com.br\/site\/?p=9511"},"modified":"2019-06-06T10:18:57","modified_gmt":"2019-06-06T13:18:57","slug":"ricardo-patah-e-reeleito-presidente-da-ugt","status":"publish","type":"post","link":"https:\/\/sjcbancarios.com.br\/site\/noticias\/ricardo-patah-e-reeleito-presidente-da-ugt\/","title":{"rendered":"Ricardo Patah \u00e9 reeleito presidente da UGT"},"content":{"rendered":"<p style=\"text-align: justify;\">Nesta sexta, 31 de maio, Ricardo Patah foi reeleito, por unanimidade, presidente da Uni\u00e3o Geral dos Trabalhadores (UGT).<\/p>\n<p>Com chapa \u00fanica, a reelei\u00e7\u00e3o aconteceu durante o 4 Congresso Nacional da UGT, realizado na Praia Grande, litoral de S\u00e3o Paulo, na presen\u00e7a de mais de 800 convidados, entre dirigentes sindicais do Brasil e mais 23 pa\u00edses, presidentes das UGTs estaduais e autoridades pol\u00edticas.<\/p>\n<p>\u201cA solidariedade entre n\u00f3s e com os trabalhadores vai nos levar \u00e0 supera\u00e7\u00e3o deste momento dif\u00edcil, em que o movimento sindical \u00e9 atacado a todo tempo. Agrade\u00e7o a todos da UGT Brasil, especialmente aos integrantes da nossa Chapa.<\/p>\n<p>Vamos, juntos, mostrar que o movimento sindical acabou com a ditadura, acabou com a infla\u00e7\u00e3o e, agora, n\u00e3o vai deixar que o fascismo tome conta do Brasil. Ningu\u00e9m mexe com os trabalhadores\u201d, disse o presidente. O novo mandato tem dura\u00e7\u00e3o de quatro anos, at\u00e9 junho de 2023.<\/p>\n<p style=\"text-align: justify;\">Fonte: UGT \/ CONTEC<\/p>\n","protected":false},"excerpt":{"rendered":"<p class=\"excerpt\">Nesta sexta, 31 de maio, Ricardo Patah foi reeleito, por unanimidade, presidente da Uni\u00e3o Geral dos Trabalhadores (UGT). Com chapa \u00fanica, a reelei\u00e7\u00e3o aconteceu durante o 4 Congresso Nacional da UGT, realizado na Praia Grande, litoral de S\u00e3o Paulo, na presen\u00e7a de mais de 800 convidados, entre dirigentes sindicais do Brasil e mais 23 pa\u00edses, [&hellip;]<\/p>\n","protected":false},"author":2,"featured_media":9512,"comment_status":"closed","ping_status":"closed","sticky":false,"template":"","format":"standard","meta":{"_et_pb_use_builder":"","_et_pb_old_content":"","_et_gb_content_width":"","footnotes":""},"categories":[13],"tags":[],"class_list":["post-9511","post","type-post","status-publish","format-standard","has-post-thumbnail","hentry","category-noticias"],"_links":{"self":[{"href":"https:\/\/sjcbancarios.com.br\/site\/wp-json\/wp\/v2\/posts\/9511","targetHints":{"allow":["GET"]}}],"collection":[{"href":"https:\/\/sjcbancarios.com.br\/site\/wp-json\/wp\/v2\/posts"}],"about":[{"href":"https:\/\/sjcbancarios.com.br\/site\/wp-json\/wp\/v2\/types\/post"}],"author":[{"embeddable":true,"href":"https:\/\/sjcbancarios.com.br\/site\/wp-json\/wp\/v2\/users\/2"}],"replies":[{"embeddable":true,"href":"https:\/\/sjcbancarios.com.br\/site\/wp-json\/wp\/v2\/comments?post=9511"}],"version-history":[{"count":0,"href":"https:\/\/sjcbancarios.com.br\/site\/wp-json\/wp\/v2\/posts\/9511\/revisions"}],"wp:featuredmedia":[{"embeddable":true,"href":"https:\/\/sjcbancarios.com.br\/site\/wp-json\/wp\/v2\/media\/9512"}],"wp:attachment":[{"href":"https:\/\/sjcbancarios.com.br\/site\/wp-json\/wp\/v2\/media?parent=9511"}],"wp:term":[{"taxonomy":"category","embeddable":true,"href":"https:\/\/sjcbancarios.com.br\/site\/wp-json\/wp\/v2\/categories?post=9511"},{"taxonomy":"post_tag","embeddable":true,"href":"https:\/\/sjcbancarios.com.br\/site\/wp-json\/wp\/v2\/tags?post=9511"}],"curies":[{"name":"wp","href":"https:\/\/api.w.org\/{rel}","templated":true}]}}