{"id":9502,"date":"2019-06-03T14:49:10","date_gmt":"2019-06-03T17:49:10","guid":{"rendered":"http:\/\/sjcbancarios.com.br\/site\/?p=9502"},"modified":"2019-06-03T14:50:46","modified_gmt":"2019-06-03T17:50:46","slug":"8-estatais-que-mais-perderam-funcionarios-nos-ultimos-anos","status":"publish","type":"post","link":"https:\/\/sjcbancarios.com.br\/site\/noticias\/8-estatais-que-mais-perderam-funcionarios-nos-ultimos-anos\/","title":{"rendered":"8 estatais que mais perderam funcion\u00e1rios nos \u00faltimos anos"},"content":{"rendered":"<p style=\"text-align: justify;\">Em tempos de descontrole nas contas p\u00fablicas, reduzir as despesas com pessoal, um dos principais gastos do Executivo, juntamente com a Previd\u00eancia, \u00e9 uma provid\u00eancia que o governo federal n\u00e3o pode deixar de adotar.<\/p>\n<p style=\"text-align: justify;\">Neste ano, sete estatais aprovaram planos de demiss\u00e3o volunt\u00e1ria (PDVs), com expectativa de ades\u00e3o de 21 mil funcion\u00e1rios p\u00fablicos. O n\u00famero \u00e9 elevado. Nos \u00faltimos nove anos, a quantidade de servidores efetivos em estatais federais diminuiu 5% \u2013 passou de 515,1 mil em 2011 para 489,5 mil at\u00e9 mar\u00e7o deste ano. Os dados s\u00e3o do painel Panorama das Estatais.<\/p>\n<p style=\"text-align: justify;\">Esse movimento de retra\u00e7\u00e3o \u00e9 mais intenso se for considerado um per\u00edodo mais curto, de seis anos. Em 2014 o funcionalismo nas estatais federais atingiu seu \u00e1pice: eram 552,8 mil servidores em todas as empresas, dependentes ou n\u00e3o. De l\u00e1 para c\u00e1, a redu\u00e7\u00e3o na quantidade de pessoal \u00e9 de 11%.<\/p>\n<p style=\"text-align: justify;\">A nona edi\u00e7\u00e3o do Boletim das Empresas Estatais Federais, com dados referentes at\u00e9 o \u00faltimo trimestre de 2018, j\u00e1 observava o que chama de \u201cadequa\u00e7\u00e3o da for\u00e7a de trabalho\u201d como destaque na estrat\u00e9gia de gest\u00e3o das estatais. O documento ressalta que, de 2015 em diante, grande parte da redu\u00e7\u00e3o na quantidade de servidores aconteceu por causa da implementa\u00e7\u00e3o de PDVs \u2013 foram cerca de 44 mil desligamentos, o que corresponde a quase 78% das sa\u00eddas do per\u00edodo. De acordo com o relat\u00f3rio, a estimativa de economia na folha de pagamento com esses desligamentos foi de R$ 6,93 bilh\u00f5es.<\/p>\n<p style=\"text-align: justify;\"><strong>Concentra\u00e7\u00e3o em poucas empresas<\/strong><br \/>\nA Gazeta do Povo selecionou seis estatais \u2013 Correios, Infraero, Embrapa, BNDES, Banco do Brasil e Caixa Econ\u00f4mica Federal \u2013 e dois grupos \u2013 Eletrobras e Petrobras \u2013 para avaliar a evolu\u00e7\u00e3o de pessoal. Juntas, essas empresas concentram a maior parte da m\u00e3o de obra do funcionalismo. Em 2011, respondiam por 87% da for\u00e7a de trabalho das estatais federais. Em 2019, somam 80% do total de funcion\u00e1rios.<\/p>\n<p style=\"text-align: justify;\">Nesses \u00faltimos nove anos, essas empresas viram sua for\u00e7a de trabalho cair em 13% \u2013 de 446,6 mil servidores em 2011 passaram para 389,8 mil neste ano. As maiores redu\u00e7\u00f5es de pessoal foram registradas no grupo Eletrobras, que perdeu quase metade da for\u00e7a de trabalho, e na Infraero.<\/p>\n<p style=\"text-align: justify;\">A Eletrobras e suas subsidi\u00e1rias tinham 27,3 mil servidores efetivos em 2011. Fecharam o m\u00eas de fevereiro deste 2019 com 14,5 mil trabalhadores. Na mira da privatiza\u00e7\u00e3o desde o governo de Michel Temer, a atual gest\u00e3o de Jair Bolsonaro decidiu segurar o processo para definir melhor a modelagem dessa venda, que vai ficar para 2020.<\/p>\n<p style=\"text-align: justify;\">J\u00e1 a Infraero viu seu contingente de servidores reduzir em 32% de 2011 at\u00e9 hoje: passou de 13,7 mil para 9,3 mil neste per\u00edodo. A estatal \u00e9 uma das que faz mais sucesso nas concess\u00f5es do governo federal. O objetivo do governo \u00e9 conceder todos os aeroportos para a iniciativa privada e enxug\u00e1-la ao final do processo. A atual presidente da empresa, a economista Martha Seillier, j\u00e1 declarou que o objetivo \u00e9 transformar a Infraero em uma prestadora de servi\u00e7os de gest\u00e3o de aeroportos para munic\u00edpios e estados.<\/p>\n<p style=\"text-align: justify;\"><strong>PDVs j\u00e1 programados<\/strong><br \/>\nO governo anunciou que aprovou PDVs de sete estatais para 2019, mas s\u00f3 divulgou o nome de quatro empresas que far\u00e3o os cortes: Correios, Petrobras, Infraero e Embrapa. A Caixa Econ\u00f4mica tamb\u00e9m informou que far\u00e1 seu PDV e espera fechar 3,5 mil vagas. A estimativa do banco \u00e9 de economizar at\u00e9 R$ 716 milh\u00f5es por ano.<\/p>\n<p style=\"text-align: justify;\">Os Correios, por exemplo, esperam a ades\u00e3o de 7,3 mil funcion\u00e1rios em seu PDV, que prioriza os servidores com mais idade, mais tempo de servi\u00e7o e mais tempo de aposentadoria. A estatal tem 105 mil funcion\u00e1rios atualmente. O PDV vai at\u00e9 o dia 12 de junho e engloba os cargos de atendente comercial, operador de triagem e transbordo, cargos extintos e em extin\u00e7\u00e3o, e aposentados que sigam na ativa em qualquer fun\u00e7\u00e3o. O governo federal j\u00e1 anunciou que est\u00e1 elaborando os primeiros estudos para privatizar a estatal.<\/p>\n<p style=\"text-align: justify;\">A Embrapa, que est\u00e1 com 9,4 mil servidores, estima que possam ser realizados at\u00e9 2,8 mil desligamentos com o PDV. J\u00e1 a Petrobras estima 4,3 mil desligamentos com o PDV, o que deve custar R$ 1,1 bilh\u00e3o. A expectativa de retorno \u00e9 de R$ 4,1 bilh\u00f5es at\u00e9 2023. A prioridade \u00e9 de alcan\u00e7ar os funcion\u00e1rios que est\u00e3o pr\u00f3ximos da aposentadoria. Atualmente, a estatal tem 47,2 mil funcion\u00e1rios \u2013 em 2011, eram 58,9 mil. O custo estimado com o PDV \u00e9 de R$ 1,1 bilh\u00e3o.<\/p>\n<p style=\"text-align: justify;\"><strong>Estatais minguando<\/strong><br \/>\nN\u00e3o foi s\u00f3 o n\u00famero de funcion\u00e1rios que caiu nos \u00faltimos anos: a quantidade de estatais tamb\u00e9m foi reduzida \u2013 e pode diminuir ainda mais, caso o governo consiga levar adiante o plano de privatiza\u00e7\u00f5es, que por enquanto est\u00e1 parado. Assim como aconteceu com o funcionalismo, o n\u00famero de estatais variou ao longo dos anos. Em 2010, o Brasil tinha 138 empresas estatais. Esse n\u00famero saltou para 154 em 2016 e agora est\u00e1 em 134.<\/p>\n<p style=\"text-align: justify;\">Fonte: Gazeta do Povo \/ CONTEC<\/p>\n","protected":false},"excerpt":{"rendered":"<p class=\"excerpt\">Em tempos de descontrole nas contas p\u00fablicas, reduzir as despesas com pessoal, um dos principais gastos do Executivo, juntamente com a Previd\u00eancia, \u00e9 uma provid\u00eancia que o governo federal n\u00e3o pode deixar de adotar. Neste ano, sete estatais aprovaram planos de demiss\u00e3o volunt\u00e1ria (PDVs), com expectativa de ades\u00e3o de 21 mil funcion\u00e1rios p\u00fablicos. O n\u00famero [&hellip;]<\/p>\n","protected":false},"author":2,"featured_media":9503,"comment_status":"closed","ping_status":"closed","sticky":false,"template":"","format":"standard","meta":{"_et_pb_use_builder":"","_et_pb_old_content":"","_et_gb_content_width":"","footnotes":""},"categories":[13],"tags":[],"class_list":["post-9502","post","type-post","status-publish","format-standard","has-post-thumbnail","hentry","category-noticias"],"_links":{"self":[{"href":"https:\/\/sjcbancarios.com.br\/site\/wp-json\/wp\/v2\/posts\/9502","targetHints":{"allow":["GET"]}}],"collection":[{"href":"https:\/\/sjcbancarios.com.br\/site\/wp-json\/wp\/v2\/posts"}],"about":[{"href":"https:\/\/sjcbancarios.com.br\/site\/wp-json\/wp\/v2\/types\/post"}],"author":[{"embeddable":true,"href":"https:\/\/sjcbancarios.com.br\/site\/wp-json\/wp\/v2\/users\/2"}],"replies":[{"embeddable":true,"href":"https:\/\/sjcbancarios.com.br\/site\/wp-json\/wp\/v2\/comments?post=9502"}],"version-history":[{"count":0,"href":"https:\/\/sjcbancarios.com.br\/site\/wp-json\/wp\/v2\/posts\/9502\/revisions"}],"wp:featuredmedia":[{"embeddable":true,"href":"https:\/\/sjcbancarios.com.br\/site\/wp-json\/wp\/v2\/media\/9503"}],"wp:attachment":[{"href":"https:\/\/sjcbancarios.com.br\/site\/wp-json\/wp\/v2\/media?parent=9502"}],"wp:term":[{"taxonomy":"category","embeddable":true,"href":"https:\/\/sjcbancarios.com.br\/site\/wp-json\/wp\/v2\/categories?post=9502"},{"taxonomy":"post_tag","embeddable":true,"href":"https:\/\/sjcbancarios.com.br\/site\/wp-json\/wp\/v2\/tags?post=9502"}],"curies":[{"name":"wp","href":"https:\/\/api.w.org\/{rel}","templated":true}]}}