{"id":9499,"date":"2019-06-03T14:41:45","date_gmt":"2019-06-03T17:41:45","guid":{"rendered":"http:\/\/sjcbancarios.com.br\/site\/?p=9499"},"modified":"2019-06-03T14:41:45","modified_gmt":"2019-06-03T17:41:45","slug":"reforma-trabalhista-nao-cumpriu-promessa-a-da-previdencia-vai-cumprir","status":"publish","type":"post","link":"https:\/\/sjcbancarios.com.br\/site\/noticias\/reforma-trabalhista-nao-cumpriu-promessa-a-da-previdencia-vai-cumprir\/","title":{"rendered":"Reforma trabalhista n\u00e3o cumpriu promessa. A da Previd\u00eancia vai cumprir?"},"content":{"rendered":"<p style=\"text-align: justify;\"><em>Poucos empregos com carteira assinada foram gerados desde a aprova\u00e7\u00e3o da reforma trabalhista<\/em> <br \/>\nEm um momento em que o IBGE anuncia que o PIB brasileiro registrou uma queda de 0,2% no primeiro trimestre do ano, a primeira desde o quarto trimestre de 2016, cumpre perguntar o que o governo brasileiro est\u00e1 fazendo para reverter esse quadro. A resposta est\u00e1 no assunto onipresente nas tratativas do Executivo com o Congresso: o presidente Jair Bolsonaro e sua equipe apostam na aprova\u00e7\u00e3o da reforma da Previd\u00eancia para atrair investimentos e dar impulso \u00e0 retomada do crescimento econ\u00f4mico. Em novembro do ano passado, dois meses antes de assumir o minist\u00e9rio da Economia, Paulo Guedes previu que, com a aprova\u00e7\u00e3o da reforma da Previd\u00eancia e com a independ\u00eancia do Banco Central, o Brasil poderia crescer at\u00e9 3,5% em 2019.<\/p>\n<p style=\"text-align: justify;\">S\u00f3 quem n\u00e3o sabe fazer conta \u00e9 capaz de refutar que a reforma da Previd\u00eancia \u00e9 necess\u00e1ria. Sem ela, n\u00e3o ser\u00e1 poss\u00edvel pagar os futuros aposentados e o d\u00e9ficit nas contas p\u00fablicas se tornar\u00e1 insustent\u00e1vel. Mas ser\u00e1 mesmo que somente a aprova\u00e7\u00e3o da reforma ser\u00e1 capaz de fazer o Brasil evitar a recess\u00e3o?<\/p>\n<p style=\"text-align: justify;\">\u00c9 preciso lembrar que promessa semelhante, que se apresenta como a solu\u00e7\u00e3o m\u00e1gica para quase todos os problemas, j\u00e1 foi feita antes, quando da aprova\u00e7\u00e3o da reforma trabalhista, em novembro de 2017. Anunciava-se, ent\u00e3o, que a flexibiliza\u00e7\u00e3o dos direitos trabalhistas levaria \u00e0 abertura de 2 milh\u00f5es de novas vagas formais no per\u00edodo de dois anos.<\/p>\n<p style=\"text-align: justify;\">Faltam menos de seis meses para o prazo se esgotar, e a estimativa n\u00e3o est\u00e1 nem pr\u00f3xima de ser cumprida. Entre novembro de 2017 e abril de 2019, segundo dados do Caged, o saldo positivo no n\u00famero de vagas com carteira assinada foi de apenas 511.941. Ou seja, o mercado de trabalho brasileiro ganhou meio milh\u00e3o de novas vagas. Como em 2017 e 2018 o PIB do pa\u00eds voltou a crescer, ainda que muito pouco, depois de dois anos de retra\u00e7\u00e3o econ\u00f4mica, era de se esperar que o n\u00famero de contratados aumentasse no per\u00edodo, com ou sem reforma trabalhista.<\/p>\n<p style=\"text-align: justify;\">A reforma teve outros efeitos, \u00e9 claro. Um deles, positivo, foi a redu\u00e7\u00e3o nas a\u00e7\u00f5es trabalhistas, algo com potencial para desafogar a Justi\u00e7a do Trabalho. O outro, negativo, foi o de aleijar os sindicatos de trabalhadores. A receita total dos sindicatos brasileiros despencou de 2,2 bilh\u00f5es de reais, em 2017, para meros 208 milh\u00f5es de reais, em 2018. Pode-se argumentar que havia muita inefici\u00eancia e peleguismo no setor sindical e que as boas agremia\u00e7\u00f5es v\u00e3o sobreviver. Em um primeiro momento, por\u00e9m, o que se v\u00ea s\u00e3o algumas grandes empresas tentando se aproveitar do momento de fraqueza dos sindicatos.<\/p>\n<p style=\"text-align: justify;\">Repito: n\u00e3o h\u00e1 d\u00favidas de que a reforma da Previd\u00eancia \u00e9 necess\u00e1ria e urgente. Mas os planos do governo para fazer o pa\u00eds crescer e para gerar empregos precisam ir al\u00e9m disso.<\/p>\n<p style=\"text-align: justify;\">Fonte: UOL \/ CONTEC<br \/>\n(Foto: Marcus Leoni\/Folhapress)<\/p>\n","protected":false},"excerpt":{"rendered":"<p class=\"excerpt\">Poucos empregos com carteira assinada foram gerados desde a aprova\u00e7\u00e3o da reforma trabalhista Em um momento em que o IBGE anuncia que o PIB brasileiro registrou uma queda de 0,2% no primeiro trimestre do ano, a primeira desde o quarto trimestre de 2016, cumpre perguntar o que o governo brasileiro est\u00e1 fazendo para reverter esse [&hellip;]<\/p>\n","protected":false},"author":2,"featured_media":9500,"comment_status":"closed","ping_status":"closed","sticky":false,"template":"","format":"standard","meta":{"_et_pb_use_builder":"","_et_pb_old_content":"","_et_gb_content_width":"","footnotes":""},"categories":[13],"tags":[],"class_list":["post-9499","post","type-post","status-publish","format-standard","has-post-thumbnail","hentry","category-noticias"],"_links":{"self":[{"href":"https:\/\/sjcbancarios.com.br\/site\/wp-json\/wp\/v2\/posts\/9499","targetHints":{"allow":["GET"]}}],"collection":[{"href":"https:\/\/sjcbancarios.com.br\/site\/wp-json\/wp\/v2\/posts"}],"about":[{"href":"https:\/\/sjcbancarios.com.br\/site\/wp-json\/wp\/v2\/types\/post"}],"author":[{"embeddable":true,"href":"https:\/\/sjcbancarios.com.br\/site\/wp-json\/wp\/v2\/users\/2"}],"replies":[{"embeddable":true,"href":"https:\/\/sjcbancarios.com.br\/site\/wp-json\/wp\/v2\/comments?post=9499"}],"version-history":[{"count":0,"href":"https:\/\/sjcbancarios.com.br\/site\/wp-json\/wp\/v2\/posts\/9499\/revisions"}],"wp:featuredmedia":[{"embeddable":true,"href":"https:\/\/sjcbancarios.com.br\/site\/wp-json\/wp\/v2\/media\/9500"}],"wp:attachment":[{"href":"https:\/\/sjcbancarios.com.br\/site\/wp-json\/wp\/v2\/media?parent=9499"}],"wp:term":[{"taxonomy":"category","embeddable":true,"href":"https:\/\/sjcbancarios.com.br\/site\/wp-json\/wp\/v2\/categories?post=9499"},{"taxonomy":"post_tag","embeddable":true,"href":"https:\/\/sjcbancarios.com.br\/site\/wp-json\/wp\/v2\/tags?post=9499"}],"curies":[{"name":"wp","href":"https:\/\/api.w.org\/{rel}","templated":true}]}}