{"id":9496,"date":"2019-06-03T14:34:54","date_gmt":"2019-06-03T17:34:54","guid":{"rendered":"http:\/\/sjcbancarios.com.br\/site\/?p=9496"},"modified":"2019-06-03T14:34:54","modified_gmt":"2019-06-03T17:34:54","slug":"gravidas-e-lactantes-nao-podem-trabalhar-em-condicoes-insalubres-decide-stf","status":"publish","type":"post","link":"https:\/\/sjcbancarios.com.br\/site\/noticias\/gravidas-e-lactantes-nao-podem-trabalhar-em-condicoes-insalubres-decide-stf\/","title":{"rendered":"Gr\u00e1vidas e lactantes n\u00e3o podem trabalhar em condi\u00e7\u00f5es insalubres, decide STF"},"content":{"rendered":"<p style=\"text-align: justify;\">Item foi o primeiro da reforma trabalhista do governo Michel Temer derrubado pelo plen\u00e1rio da Corte<\/p>\n<p style=\"text-align: justify;\">BRAS\u00cdLIA \u2013 Por 10 a 1, o plen\u00e1rio do Supremo Tribunal Federal (STF) decidiu nesta quarta-feira, 29, que gestantes e lactantes n\u00e3o podem exercer atividades consideradas insalubres, confirmando uma decis\u00e3o liminar que havia sido dada no m\u00eas passado pelo ministro Alexandre de Moraes. Este foi o primeiro item da reforma trabalhista do governo Michel Temer (MDB) que foi derrubado pelo plen\u00e1rio do STF.<\/p>\n<p style=\"text-align: justify;\">A reforma trabalhista aprovada no governo Temer permitia que trabalhadoras gestantes exercessem atividades consideradas insalubres em grau m\u00e9dio ou m\u00ednimo e lactantes desempenhassem atividades insalubres em qualquer grau \u2013 exceto quando apresentarem atestado de sa\u00fade emitido por m\u00e9dico de confian\u00e7a da mulher que recomende o afastamento. Esses dispositivos foram suspensos por Moraes em 30 de abril e considerados inconstitucionais pela Suprema Corte na sess\u00e3o desta quarta-feira.<\/p>\n<p>STF<br \/>\nA reforma trabalhista aprovada no governo Temer permitia que trabalhadoras gestantes exercessem atividades consideradas insalubres<\/p>\n<p style=\"text-align: justify;\">A Confedera\u00e7\u00e3o Nacional dos Trabalhadores Metal\u00fargicos acionou a Suprema Corte sob a alega\u00e7\u00e3o de que as normas da reforma trabalhista afrontam a prote\u00e7\u00e3o que a Constitui\u00e7\u00e3o Federal confere \u00e0 maternidade, \u00e0 gesta\u00e7\u00e3o, \u00e0 sa\u00fade, \u00e0 mulher, ao nascituro, aos rec\u00e9m-nascidos, ao trabalho e ao meio ambiente do trabalho equilibrado.<\/p>\n<p style=\"text-align: justify;\">\u201cN\u00e3o \u00e9 s\u00f3 a salvaguarda da mulher, mas tamb\u00e9m total prote\u00e7\u00e3o ao rec\u00e9m-nascido, possibilitando conviv\u00eancia com a m\u00e3e de maneira harm\u00f4nica, sem os perigos do ambiente insalubre. \u00c9 uma norma absolutamente irrazo\u00e1vel, inclusive para o setor de sa\u00fade\u201d, disse o relator Alexandre de Moraes.<\/p>\n<p style=\"text-align: justify;\">Para o ministro Celso de Mello, os dispositivos da reforma trabalhista investem contra compromissos que o Estado brasileiro tem assumido na defesa das mulheres.<\/p>\n<p style=\"text-align: justify;\">\u201cO longo itiner\u00e1rio percorrido pelo processo de reconhecimento de afirma\u00e7\u00e3o e de consolida\u00e7\u00e3o dos direitos da mulher, notadamente da mulher trabalhadora, seja em nosso Pa\u00eds, seja no \u00e2mbito da comunidade internacional, revela trajet\u00f3ria impregnada de not\u00e1veis avan\u00e7os com o elevado prop\u00f3sito de repudiar pr\u00e1ticas econ\u00f4micas que subjugavam e muitas vezes continuam ainda a subjugar a mulher\u201d, observou Celso.<\/p>\n<p style=\"text-align: justify;\">O \u00fanico voto a favor desse ponto da reforma trabalhista veio do ministro Marco Aur\u00e9lio Mello. \u201cA mulher precisa ser tutelada e tutelada al\u00e9m do que se mostra razo\u00e1vel? Al\u00e9m do que \u00e9 tendo em vista a lei das leis? A mulher ela deve ter liberdade \u2013 e liberdade no sentido maior\u201d, afirmou Marco Aur\u00e9lio Mello.<\/p>\n<p style=\"text-align: justify;\">Fonte: O Estado de S.Paulo \/ CONTEC<\/p>\n","protected":false},"excerpt":{"rendered":"<p class=\"excerpt\">Item foi o primeiro da reforma trabalhista do governo Michel Temer derrubado pelo plen\u00e1rio da Corte BRAS\u00cdLIA \u2013 Por 10 a 1, o plen\u00e1rio do Supremo Tribunal Federal (STF) decidiu nesta quarta-feira, 29, que gestantes e lactantes n\u00e3o podem exercer atividades consideradas insalubres, confirmando uma decis\u00e3o liminar que havia sido dada no m\u00eas passado pelo [&hellip;]<\/p>\n","protected":false},"author":2,"featured_media":9497,"comment_status":"closed","ping_status":"closed","sticky":false,"template":"","format":"standard","meta":{"_et_pb_use_builder":"","_et_pb_old_content":"","_et_gb_content_width":"","footnotes":""},"categories":[13],"tags":[],"class_list":["post-9496","post","type-post","status-publish","format-standard","has-post-thumbnail","hentry","category-noticias"],"_links":{"self":[{"href":"https:\/\/sjcbancarios.com.br\/site\/wp-json\/wp\/v2\/posts\/9496","targetHints":{"allow":["GET"]}}],"collection":[{"href":"https:\/\/sjcbancarios.com.br\/site\/wp-json\/wp\/v2\/posts"}],"about":[{"href":"https:\/\/sjcbancarios.com.br\/site\/wp-json\/wp\/v2\/types\/post"}],"author":[{"embeddable":true,"href":"https:\/\/sjcbancarios.com.br\/site\/wp-json\/wp\/v2\/users\/2"}],"replies":[{"embeddable":true,"href":"https:\/\/sjcbancarios.com.br\/site\/wp-json\/wp\/v2\/comments?post=9496"}],"version-history":[{"count":0,"href":"https:\/\/sjcbancarios.com.br\/site\/wp-json\/wp\/v2\/posts\/9496\/revisions"}],"wp:featuredmedia":[{"embeddable":true,"href":"https:\/\/sjcbancarios.com.br\/site\/wp-json\/wp\/v2\/media\/9497"}],"wp:attachment":[{"href":"https:\/\/sjcbancarios.com.br\/site\/wp-json\/wp\/v2\/media?parent=9496"}],"wp:term":[{"taxonomy":"category","embeddable":true,"href":"https:\/\/sjcbancarios.com.br\/site\/wp-json\/wp\/v2\/categories?post=9496"},{"taxonomy":"post_tag","embeddable":true,"href":"https:\/\/sjcbancarios.com.br\/site\/wp-json\/wp\/v2\/tags?post=9496"}],"curies":[{"name":"wp","href":"https:\/\/api.w.org\/{rel}","templated":true}]}}