{"id":9436,"date":"2019-05-22T11:30:06","date_gmt":"2019-05-22T14:30:06","guid":{"rendered":"http:\/\/sjcbancarios.com.br\/site\/?p=9436"},"modified":"2019-05-22T11:30:06","modified_gmt":"2019-05-22T14:30:06","slug":"campanha-da-reforma-da-previdencia-custara-r-37-milhoes","status":"publish","type":"post","link":"https:\/\/sjcbancarios.com.br\/site\/noticias\/campanha-da-reforma-da-previdencia-custara-r-37-milhoes\/","title":{"rendered":"Campanha da reforma da Previd\u00eancia custar\u00e1 R$ 37 milh\u00f5es"},"content":{"rendered":"<p style=\"text-align: justify;\">O presidente Jair Bolsonaro (PSL) em evento de lan\u00e7amento da segunda fase da campanha publicit\u00e1ria \u2013 Pedro Ladeira\/Folhapress<\/p>\n<p style=\"text-align: justify;\">Comerciais ser\u00e3o veiculados a partir desta semana e foram produzidas pela ag\u00eancia Artplan (Gustavo Uribe)<\/p>\n<p style=\"text-align: justify;\">O governo Jair Bolsonaro (PSL) vai gastar R$ 37 milh\u00f5es na nova campanha da reforma da Previd\u00eancia.<\/p>\n<p style=\"text-align: justify;\">As pe\u00e7as publicit\u00e1rias est\u00e3o sendo produzidas pela ag\u00eancia de publicidade Artplan, sob o slogan \u201cNova Previd\u00eancia. Pode perguntar\u201d.<\/p>\n<p style=\"text-align: justify;\">Nesta segunda-feira (20), o presidente lan\u00e7ou, em evento no Pal\u00e1cio do Planalto, o modelo da nova campanha, que tem como objetivo esclarecer d\u00favidas da popula\u00e7\u00e3o sobre as altera\u00e7\u00f5es nas regras de aposentadoria.<\/p>\n<p style=\"text-align: justify;\">Na cerim\u00f4nia, a equipe do presidente apresentou a comunica\u00e7\u00e3o governamental como informativa e sem car\u00e1ter ideol\u00f3gico.<\/p>\n<p style=\"text-align: justify;\">Em discurso, F\u00e1bio Wajngarten, chefe da Secom (Secretaria de Comunica\u00e7\u00e3o Social), citou todos os dirigentes de redes de televis\u00e3o presentes no evento e afirmou que todas as m\u00eddias s\u00e3o importantes, inclusive as redes sociais.<\/p>\n<p style=\"text-align: justify;\">\u201cS\u00f3 venceremos os desafios dessa reforma, valorizando a boa comunica\u00e7\u00e3o, \u00e9tica, respons\u00e1vel e transparente\u201d.<\/p>\n<p style=\"text-align: justify;\">A campanha come\u00e7a a ser veiculada, nesta segunda-feira (20), e deve durar at\u00e9 meados de julho de 2019.<\/p>\n<p style=\"text-align: justify;\">Fonte: Folha.com \/\u00a0 CONTEC<\/p>\n","protected":false},"excerpt":{"rendered":"<p class=\"excerpt\">O presidente Jair Bolsonaro (PSL) em evento de lan\u00e7amento da segunda fase da campanha publicit\u00e1ria \u2013 Pedro Ladeira\/Folhapress Comerciais ser\u00e3o veiculados a partir desta semana e foram produzidas pela ag\u00eancia Artplan (Gustavo Uribe) O governo Jair Bolsonaro (PSL) vai gastar R$ 37 milh\u00f5es na nova campanha da reforma da Previd\u00eancia. As pe\u00e7as publicit\u00e1rias est\u00e3o sendo [&hellip;]<\/p>\n","protected":false},"author":2,"featured_media":9437,"comment_status":"closed","ping_status":"closed","sticky":false,"template":"","format":"standard","meta":{"_et_pb_use_builder":"","_et_pb_old_content":"","_et_gb_content_width":"","footnotes":""},"categories":[13],"tags":[],"class_list":["post-9436","post","type-post","status-publish","format-standard","has-post-thumbnail","hentry","category-noticias"],"_links":{"self":[{"href":"https:\/\/sjcbancarios.com.br\/site\/wp-json\/wp\/v2\/posts\/9436","targetHints":{"allow":["GET"]}}],"collection":[{"href":"https:\/\/sjcbancarios.com.br\/site\/wp-json\/wp\/v2\/posts"}],"about":[{"href":"https:\/\/sjcbancarios.com.br\/site\/wp-json\/wp\/v2\/types\/post"}],"author":[{"embeddable":true,"href":"https:\/\/sjcbancarios.com.br\/site\/wp-json\/wp\/v2\/users\/2"}],"replies":[{"embeddable":true,"href":"https:\/\/sjcbancarios.com.br\/site\/wp-json\/wp\/v2\/comments?post=9436"}],"version-history":[{"count":0,"href":"https:\/\/sjcbancarios.com.br\/site\/wp-json\/wp\/v2\/posts\/9436\/revisions"}],"wp:featuredmedia":[{"embeddable":true,"href":"https:\/\/sjcbancarios.com.br\/site\/wp-json\/wp\/v2\/media\/9437"}],"wp:attachment":[{"href":"https:\/\/sjcbancarios.com.br\/site\/wp-json\/wp\/v2\/media?parent=9436"}],"wp:term":[{"taxonomy":"category","embeddable":true,"href":"https:\/\/sjcbancarios.com.br\/site\/wp-json\/wp\/v2\/categories?post=9436"},{"taxonomy":"post_tag","embeddable":true,"href":"https:\/\/sjcbancarios.com.br\/site\/wp-json\/wp\/v2\/tags?post=9436"}],"curies":[{"name":"wp","href":"https:\/\/api.w.org\/{rel}","templated":true}]}}