{"id":9428,"date":"2019-05-20T11:18:56","date_gmt":"2019-05-20T14:18:56","guid":{"rendered":"http:\/\/sjcbancarios.com.br\/site\/?p=9428"},"modified":"2019-05-20T11:18:56","modified_gmt":"2019-05-20T14:18:56","slug":"faltou-trabalho-para-283-milhoes-de-pessoas-no-1o-trimestre-diz-ibge","status":"publish","type":"post","link":"https:\/\/sjcbancarios.com.br\/site\/noticias\/faltou-trabalho-para-283-milhoes-de-pessoas-no-1o-trimestre-diz-ibge\/","title":{"rendered":"Faltou trabalho para 28,3 milh\u00f5es de pessoas no 1\u00ba trimestre, diz IBGE"},"content":{"rendered":"<p style=\"text-align: justify;\">A taxa da chamada subutiliza\u00e7\u00e3o da for\u00e7a de trabalho foi de 25% no primeiro trimestre do ano. Isso significa que faltou trabalho para 28,3 milh\u00f5es de pessoas no Brasil, segundo os dados da Pesquisa Nacional por Amostra de Domic\u00edlios Cont\u00ednua (Pnad Cont\u00ednua), divulgada hoje pelo IBGE (Instituto Brasileiro de Geografia e Estat\u00edstica).<\/p>\n<p style=\"text-align: justify;\">O contingente de pessoas subutilizadas \u00e9 recorde na s\u00e9rie da Pnad Cont\u00ednua, iniciada em 2012. O grupo re\u00fane os desocupados, os subocupados com menos de 40 horas semanais e pessoas dispon\u00edveis para trabalhar, mas que n\u00e3o conseguem procurar emprego por motivos diversos.<\/p>\n<p style=\"text-align: justify;\">O desemprego no pa\u00eds no per\u00edodo foi de 12,7%, em m\u00e9dia. Foi a maior taxa de desemprego trimestral do pa\u00eds desde maio do ano passado (13,3%). O \u00edndice subiu em rela\u00e7\u00e3o ao trimestre anterior (11,8%), mas caiu na compara\u00e7\u00e3o com o mesmo trimestre do ano passado (13,7%).<\/p>\n<p style=\"text-align: justify;\">Segundo o IBGE, o n\u00famero de desempregados no Brasil nos tr\u00eas primeiros meses de 2019 foi de 13,4 milh\u00f5es de pessoas. Em 14 das 27 unidades da federa\u00e7\u00e3o, a taxa cresceu em rela\u00e7\u00e3o ao trimestre anterior.<\/p>\n<p style=\"text-align: justify;\">As maiores taxas foram:<\/p>\n<p style=\"text-align: justify;\">Amap\u00e1 (20,2%)<br \/>\nBahia (18,3%)<br \/>\nAcre (18%)<\/p>\n<p style=\"text-align: justify;\">As menores taxas foram:<\/p>\n<p style=\"text-align: justify;\">Santa Catarina (7,2%)<br \/>\nRio Grande do Sul (8%)<br \/>\nParan\u00e1 e Rond\u00f4nia (ambos com 8,9%)<\/p>\n<p style=\"text-align: justify;\">\u201cO que chama aten\u00e7\u00e3o \u00e9 o perfil de dispers\u00e3o generalizada da subutiliza\u00e7\u00e3o, que \u00e9 recorde em todas as regi\u00f5es\u201d, disse o coordenador de Trabalho e Rendimento do IBGE, Cimar Azeredo.<\/p>\n<p style=\"text-align: justify;\">Al\u00e9m da taxa, \u00e9 preciso observar a popula\u00e7\u00e3o subutilizada, que \u00e9 recorde em 15 unidades da federa\u00e7\u00e3o, cobrindo metade das regi\u00f5es Norte e Nordeste e quase todo o Sudeste, Sul e Centro-Oeste. Cimar Azeredo, coordenador de Trabalho e Rendimento do IBGE.<\/p>\n<p style=\"text-align: justify;\"><strong>N\u00famero de desalentados bate recorde<\/strong> <br \/>\nO n\u00famero de pessoas que desistiram de procurar emprego tamb\u00e9m bateu recorde no primeiro trimestre. A chamada popula\u00e7\u00e3o desalentada chegou a 4,8 milh\u00f5es. Desse total, 60,4% (2,9 milh\u00f5es) estavam concentrados no Nordeste, de acordo com o IBGE.<\/p>\n<p style=\"text-align: justify;\">Os maiores contingentes estavam na Bahia (768 mil pessoas) e no Maranh\u00e3o (561 mil) e os menores, em Roraima (8 mil) e no Amap\u00e1 (15 mil).<\/p>\n<p style=\"text-align: justify;\"><strong>Mais mulheres desempregadas<\/strong> <br \/>\nSegundo a pesquisa, as mulheres eram maioria na popula\u00e7\u00e3o em idade de trabalhar no Brasil (52,4%), mas tamb\u00e9m eram a maior parte (52,6%) da popula\u00e7\u00e3o desocupada. Enquanto o desemprego foi, em m\u00e9dia, de 12,7% no pa\u00eds, entre as mulheres a taxa foi de 14,9%. Entre os homens, foi de 10,9%.<\/p>\n<p style=\"text-align: justify;\">A situa\u00e7\u00e3o dos jovens tamb\u00e9m \u00e9 dif\u00edcil. A taxa de desemprego entre os brasileiros com idade de 18 a 24 anos ficou em 27,3%, mais que o dobro da m\u00e9dia nacional.<\/p>\n<p style=\"text-align: justify;\"><strong>Taxa \u00e9 maior entre pretos e pardos<\/strong> <br \/>\nA pesquisa mostrou ainda que, enquanto a taxa de desemprego dos que se declararam brancos (10,2%) ficou abaixo da m\u00e9dia nacional (12,7%), a dos pretos (16%) e a dos pardos (14,5%) ficaram acima.<\/p>\n<p style=\"text-align: justify;\">No primeiro trimestre de 2019, os pardos representavam 47,9% da popula\u00e7\u00e3o fora da for\u00e7a de trabalho, seguidos pelos brancos (42,2%) e pelos pretos (8,9%).<\/p>\n<p style=\"text-align: justify;\">O uso do termo \u201cpreto\u201d costuma ser criticado nas redes sociais como supostamente preconceituoso, mas \u00e9 a terminologia oficial da pesquisa do IBGE. O grupo mais gen\u00e9rico de \u201cnegros\u201d re\u00fane as cores espec\u00edficas, \u201cpreta\u201d e \u201cparda\u201d, explica o IBGE.<\/p>\n<p style=\"text-align: justify;\"><strong>Desemprego em 2018<\/strong> <br \/>\nO desemprego deu uma tr\u00e9gua no Brasil e fechou 2018 em queda, algo que n\u00e3o acontecia havia tr\u00eas anos. No ano passado, a taxa m\u00e9dia de desocupa\u00e7\u00e3o foi de 12,3%, queda de 0,4 ponto percentual em rela\u00e7\u00e3o \u00e0 de 2017 (12,7%).<\/p>\n<p style=\"text-align: justify;\"><strong>Metodologia da pesquisa<\/strong><br \/>\nA Pnad Cont\u00ednua \u00e9 realizada em 211.344 casas em cerca de 3.500 munic\u00edpios. O IBGE considera desempregado quem n\u00e3o tem trabalho e procurou algum nos 30 dias anteriores \u00e0 semana em que os dados foram coletados.<\/p>\n<p style=\"text-align: justify;\">Existem outros n\u00fameros sobre desemprego, apresentados pelo Minist\u00e9rio da Economia, com base no Caged (Cadastro Geral de Empregados e Desempregados). Os dados s\u00e3o mais restritos porque consideram apenas os empregos com carteira assinada.<\/p>\n<p style=\"text-align: justify;\">Fonte: UOL \/ CONTEC<\/p>\n","protected":false},"excerpt":{"rendered":"<p class=\"excerpt\">A taxa da chamada subutiliza\u00e7\u00e3o da for\u00e7a de trabalho foi de 25% no primeiro trimestre do ano. Isso significa que faltou trabalho para 28,3 milh\u00f5es de pessoas no Brasil, segundo os dados da Pesquisa Nacional por Amostra de Domic\u00edlios Cont\u00ednua (Pnad Cont\u00ednua), divulgada hoje pelo IBGE (Instituto Brasileiro de Geografia e Estat\u00edstica). O contingente de [&hellip;]<\/p>\n","protected":false},"author":2,"featured_media":9429,"comment_status":"closed","ping_status":"closed","sticky":false,"template":"","format":"standard","meta":{"_et_pb_use_builder":"","_et_pb_old_content":"","_et_gb_content_width":"","footnotes":""},"categories":[13],"tags":[],"class_list":["post-9428","post","type-post","status-publish","format-standard","has-post-thumbnail","hentry","category-noticias"],"_links":{"self":[{"href":"https:\/\/sjcbancarios.com.br\/site\/wp-json\/wp\/v2\/posts\/9428","targetHints":{"allow":["GET"]}}],"collection":[{"href":"https:\/\/sjcbancarios.com.br\/site\/wp-json\/wp\/v2\/posts"}],"about":[{"href":"https:\/\/sjcbancarios.com.br\/site\/wp-json\/wp\/v2\/types\/post"}],"author":[{"embeddable":true,"href":"https:\/\/sjcbancarios.com.br\/site\/wp-json\/wp\/v2\/users\/2"}],"replies":[{"embeddable":true,"href":"https:\/\/sjcbancarios.com.br\/site\/wp-json\/wp\/v2\/comments?post=9428"}],"version-history":[{"count":0,"href":"https:\/\/sjcbancarios.com.br\/site\/wp-json\/wp\/v2\/posts\/9428\/revisions"}],"wp:featuredmedia":[{"embeddable":true,"href":"https:\/\/sjcbancarios.com.br\/site\/wp-json\/wp\/v2\/media\/9429"}],"wp:attachment":[{"href":"https:\/\/sjcbancarios.com.br\/site\/wp-json\/wp\/v2\/media?parent=9428"}],"wp:term":[{"taxonomy":"category","embeddable":true,"href":"https:\/\/sjcbancarios.com.br\/site\/wp-json\/wp\/v2\/categories?post=9428"},{"taxonomy":"post_tag","embeddable":true,"href":"https:\/\/sjcbancarios.com.br\/site\/wp-json\/wp\/v2\/tags?post=9428"}],"curies":[{"name":"wp","href":"https:\/\/api.w.org\/{rel}","templated":true}]}}