{"id":9345,"date":"2019-05-15T11:33:55","date_gmt":"2019-05-15T14:33:55","guid":{"rendered":"http:\/\/sjcbancarios.com.br\/site\/?p=9345"},"modified":"2019-05-15T11:33:55","modified_gmt":"2019-05-15T14:33:55","slug":"paralisacao-na-educacao-estudantes-vao-as-ruas-em-protesto-contra-cortes","status":"publish","type":"post","link":"https:\/\/sjcbancarios.com.br\/site\/noticias\/paralisacao-na-educacao-estudantes-vao-as-ruas-em-protesto-contra-cortes\/","title":{"rendered":"Paralisa\u00e7\u00e3o na educa\u00e7\u00e3o: estudantes v\u00e3o \u00e0s ruas em protesto contra cortes"},"content":{"rendered":"<p style=\"text-align: justify;\">Nesta quarta-feira (15), praticamente todas as capitais recebem manifesta\u00e7\u00f5es cr\u00edticas aos cortes e \u00e0 atua\u00e7\u00e3o do MEC enquanto ministro deve ir ao Congresso (Por Clara Cerioni)<\/p>\n<p style=\"text-align: justify;\">O governo de Jair Bolsonaro enfrenta nesta quarta-feira (15) o que deve ser a maior onda de protestos contra sua gest\u00e3o desde que assumiu a presid\u00eancia, em janeiro.<\/p>\n<p style=\"text-align: justify;\">Durante o dia, praticamente todas as capitais do Brasil recebem manifesta\u00e7\u00f5es cr\u00edticas aos sucessivos cortes no repasse de verbas na educa\u00e7\u00e3o, anunciados pelo Minist\u00e9rio da Educa\u00e7\u00e3o.<\/p>\n<p style=\"text-align: justify;\">O pr\u00e9dio do MEC est\u00e1 desde o in\u00edcio da manh\u00e3 desta ter\u00e7a-feira (14) cercado por homens da For\u00e7a Nacional. A solicita\u00e7\u00e3o da seguran\u00e7a extra foi feita pelo pr\u00f3prio MEC.<\/p>\n<p style=\"text-align: justify;\">A C\u00e2mara dos Deputados aprovou tamb\u00e9m nesta ter\u00e7a a convoca\u00e7\u00e3o do ministro da Educa\u00e7\u00e3o, Abraham Weintraub, Abraham Weintraub, para explicar, em audi\u00eancia no plen\u00e1rio da Casa, os cortes or\u00e7ament\u00e1rios na \u00e1rea. A expectativa \u00e9 que o ministro compare\u00e7a ao Congresso nesta quarta.<\/p>\n<p style=\"text-align: justify;\">Desde que assumiu o posto no come\u00e7o de abril, Weintraub congelou recursos tanto da educa\u00e7\u00e3o b\u00e1sica quanto das universidades federais. Ao menos 2,4 bilh\u00f5es de reais que estavam previstos para investimentos em programas da educa\u00e7\u00e3o infantil ao ensino m\u00e9dio foram bloqueados.<\/p>\n<p style=\"text-align: justify;\">O ministro tamb\u00e9m declarou que haveria um corte de 30% no or\u00e7amento de universidades federais que promovessem \u201cbalb\u00fardia\u201d e tivessem desempenho acad\u00eamico abaixo do esperado.<\/p>\n<p style=\"text-align: justify;\">Ele citou a Universidade Federal da Bahia, a Universidade Federal Fluminense e Universidade de Bras\u00edlia como alvos, apesar de todas estarem entre as 50 melhores da Am\u00e9rica Latina segundo o ranking Times Higher Education.<\/p>\n<p style=\"text-align: justify;\">Depois, o ministro recuou e afirmou que o corte seria linear para todas as universidades federais, o que segundo reitores inviabiliza a continuidade das atividades; os repasses j\u00e1 passaram por cortes sucessivos nos anos anteriores.<\/p>\n<p style=\"text-align: justify;\">O ministro passou ent\u00e3o a destacar que o corte \u00e9 sobre a verba de custeio e portanto mais pr\u00f3ximo de 3%, pois grande parte das despesas universit\u00e1rias s\u00e3o obrigat\u00f3rias por lei, como os sal\u00e1rios.<\/p>\n<p style=\"text-align: justify;\">Al\u00e9m do corte no repasse para as federais, 3.474 bolsas para estudantes de mestrado, doutorado e p\u00f3s-doutorado oferecidas pela Coordena\u00e7\u00e3o de Aperfei\u00e7oamento de Pessoal de N\u00edvel Superior (Capes) tamb\u00e9m foram suspensas.<\/p>\n<p style=\"text-align: justify;\">Os protestos de hoje, organizados principalmente pela Uni\u00e3o Nacional dos Estudantes (UNE) e Uni\u00e3o Brasileira dos Estudantes Secundaristas (UBES), s\u00e3o em defesa do direito \u00e0 educa\u00e7\u00e3o. A expectativa \u00e9 que a mobiliza\u00e7\u00e3o tamb\u00e9m atinja tamb\u00e9m pais, professores e alunos da rede particular.<\/p>\n<p style=\"text-align: justify;\">\u201cA educa\u00e7\u00e3o \u00e9 a porta de entrada da inf\u00e2ncia e da juventude para o futuro. O presidente Bolsonaro e o ministro da Educa\u00e7\u00e3o Weintraub t\u00eam anunciado uma s\u00e9rie de ataques \u00e0 educa\u00e7\u00e3o no Brasil. J\u00e1 v\u00ednhamos e seguimos denunciando: Bolsonaro \u00e9 inimigo da educa\u00e7\u00e3o\u201d, diz um comunicado da UNE.<\/p>\n<p style=\"text-align: justify;\">Fonte: Exame \/ CONTEC<\/p>\n","protected":false},"excerpt":{"rendered":"<p class=\"excerpt\">Nesta quarta-feira (15), praticamente todas as capitais recebem manifesta\u00e7\u00f5es cr\u00edticas aos cortes e \u00e0 atua\u00e7\u00e3o do MEC enquanto ministro deve ir ao Congresso (Por Clara Cerioni) O governo de Jair Bolsonaro enfrenta nesta quarta-feira (15) o que deve ser a maior onda de protestos contra sua gest\u00e3o desde que assumiu a presid\u00eancia, em janeiro. Durante [&hellip;]<\/p>\n","protected":false},"author":2,"featured_media":9346,"comment_status":"closed","ping_status":"closed","sticky":false,"template":"","format":"standard","meta":{"_et_pb_use_builder":"","_et_pb_old_content":"","_et_gb_content_width":"","footnotes":""},"categories":[13],"tags":[],"class_list":["post-9345","post","type-post","status-publish","format-standard","has-post-thumbnail","hentry","category-noticias"],"_links":{"self":[{"href":"https:\/\/sjcbancarios.com.br\/site\/wp-json\/wp\/v2\/posts\/9345","targetHints":{"allow":["GET"]}}],"collection":[{"href":"https:\/\/sjcbancarios.com.br\/site\/wp-json\/wp\/v2\/posts"}],"about":[{"href":"https:\/\/sjcbancarios.com.br\/site\/wp-json\/wp\/v2\/types\/post"}],"author":[{"embeddable":true,"href":"https:\/\/sjcbancarios.com.br\/site\/wp-json\/wp\/v2\/users\/2"}],"replies":[{"embeddable":true,"href":"https:\/\/sjcbancarios.com.br\/site\/wp-json\/wp\/v2\/comments?post=9345"}],"version-history":[{"count":0,"href":"https:\/\/sjcbancarios.com.br\/site\/wp-json\/wp\/v2\/posts\/9345\/revisions"}],"wp:featuredmedia":[{"embeddable":true,"href":"https:\/\/sjcbancarios.com.br\/site\/wp-json\/wp\/v2\/media\/9346"}],"wp:attachment":[{"href":"https:\/\/sjcbancarios.com.br\/site\/wp-json\/wp\/v2\/media?parent=9345"}],"wp:term":[{"taxonomy":"category","embeddable":true,"href":"https:\/\/sjcbancarios.com.br\/site\/wp-json\/wp\/v2\/categories?post=9345"},{"taxonomy":"post_tag","embeddable":true,"href":"https:\/\/sjcbancarios.com.br\/site\/wp-json\/wp\/v2\/tags?post=9345"}],"curies":[{"name":"wp","href":"https:\/\/api.w.org\/{rel}","templated":true}]}}