{"id":9309,"date":"2019-05-09T09:53:40","date_gmt":"2019-05-09T12:53:40","guid":{"rendered":"http:\/\/sjcbancarios.com.br\/site\/?p=9309"},"modified":"2019-05-09T09:53:40","modified_gmt":"2019-05-09T12:53:40","slug":"indicadores-de-mercado-de-trabalho-apresentam-piora-em-abril","status":"publish","type":"post","link":"https:\/\/sjcbancarios.com.br\/site\/noticias\/indicadores-de-mercado-de-trabalho-apresentam-piora-em-abril\/","title":{"rendered":"Indicadores de mercado de trabalho apresentam piora em abril"},"content":{"rendered":"<p style=\"text-align: justify;\">Os dois indicadores do mercado de trabalho da Funda\u00e7\u00e3o Getulio Vargas (FGV) apresentaram piora na passagem de mar\u00e7o para abril deste ano. O Indicador Antecedente de Emprego (Iaemp), que busca antecipar as tend\u00eancias do mercado de trabalho para os pr\u00f3ximos meses, com base na opini\u00e3o de consumidores e de empres\u00e1rios da ind\u00fastria e de servi\u00e7os, recuou 1 ponto no per\u00edodo.<\/p>\n<p style=\"text-align: justify;\">Com essa, que foi a terceira queda consecutiva, o indicador passou para 92,5 pontos, em uma escala de zero a 200, o menor n\u00edvel desde outubro do ano passado. Em tr\u00eas meses, o Iaemp acumula perda de 8,6 pontos.<\/p>\n<p style=\"text-align: justify;\">J\u00e1 o Indicador Coincidente de Desemprego, que mede a percep\u00e7\u00e3o dos consumidores sobre o mercado de trabalho atual, subiu 0,7 ponto de mar\u00e7o para abril e chegou a 94,8 pontos, em uma escala invertida de zero a 200. Nessa escala invertida, quanto maior a pontua\u00e7\u00e3o, pior \u00e9 o resultado.<\/p>\n<p style=\"text-align: justify;\">Fonte: Ag\u00eancia Brasil \/ CONTEC<\/p>\n","protected":false},"excerpt":{"rendered":"<p class=\"excerpt\">Os dois indicadores do mercado de trabalho da Funda\u00e7\u00e3o Getulio Vargas (FGV) apresentaram piora na passagem de mar\u00e7o para abril deste ano. O Indicador Antecedente de Emprego (Iaemp), que busca antecipar as tend\u00eancias do mercado de trabalho para os pr\u00f3ximos meses, com base na opini\u00e3o de consumidores e de empres\u00e1rios da ind\u00fastria e de servi\u00e7os, [&hellip;]<\/p>\n","protected":false},"author":2,"featured_media":9310,"comment_status":"closed","ping_status":"closed","sticky":false,"template":"","format":"standard","meta":{"_et_pb_use_builder":"","_et_pb_old_content":"","_et_gb_content_width":"","footnotes":""},"categories":[13],"tags":[],"class_list":["post-9309","post","type-post","status-publish","format-standard","has-post-thumbnail","hentry","category-noticias"],"_links":{"self":[{"href":"https:\/\/sjcbancarios.com.br\/site\/wp-json\/wp\/v2\/posts\/9309","targetHints":{"allow":["GET"]}}],"collection":[{"href":"https:\/\/sjcbancarios.com.br\/site\/wp-json\/wp\/v2\/posts"}],"about":[{"href":"https:\/\/sjcbancarios.com.br\/site\/wp-json\/wp\/v2\/types\/post"}],"author":[{"embeddable":true,"href":"https:\/\/sjcbancarios.com.br\/site\/wp-json\/wp\/v2\/users\/2"}],"replies":[{"embeddable":true,"href":"https:\/\/sjcbancarios.com.br\/site\/wp-json\/wp\/v2\/comments?post=9309"}],"version-history":[{"count":0,"href":"https:\/\/sjcbancarios.com.br\/site\/wp-json\/wp\/v2\/posts\/9309\/revisions"}],"wp:featuredmedia":[{"embeddable":true,"href":"https:\/\/sjcbancarios.com.br\/site\/wp-json\/wp\/v2\/media\/9310"}],"wp:attachment":[{"href":"https:\/\/sjcbancarios.com.br\/site\/wp-json\/wp\/v2\/media?parent=9309"}],"wp:term":[{"taxonomy":"category","embeddable":true,"href":"https:\/\/sjcbancarios.com.br\/site\/wp-json\/wp\/v2\/categories?post=9309"},{"taxonomy":"post_tag","embeddable":true,"href":"https:\/\/sjcbancarios.com.br\/site\/wp-json\/wp\/v2\/tags?post=9309"}],"curies":[{"name":"wp","href":"https:\/\/api.w.org\/{rel}","templated":true}]}}