{"id":9271,"date":"2019-05-02T10:10:22","date_gmt":"2019-05-02T13:10:22","guid":{"rendered":"http:\/\/sjcbancarios.com.br\/site\/?p=9271"},"modified":"2019-05-02T10:10:22","modified_gmt":"2019-05-02T13:10:22","slug":"desemprego-no-pais-sobe-para-127-e-atinge-134-milhoes-de-pessoas","status":"publish","type":"post","link":"https:\/\/sjcbancarios.com.br\/site\/noticias\/desemprego-no-pais-sobe-para-127-e-atinge-134-milhoes-de-pessoas\/","title":{"rendered":"Desemprego no pa\u00eds sobe para 12,7% e atinge 13,4 milh\u00f5es de pessoas"},"content":{"rendered":"<p style=\"text-align: justify;\">O desemprego no pa\u00eds foi de 12,7%, em m\u00e9dia, no trimestre encerrado em mar\u00e7o, de acordo com dados do IBGE (Instituto Brasileiro de Geografia e Estat\u00edstica). O \u00edndice subiu em rela\u00e7\u00e3o ao trimestre anterior, de outubro a dezembro (11,6%). Na compara\u00e7\u00e3o com o primeiro trimestre do ano passado (13,1%), o resultado apresentou baixa.<\/p>\n<p style=\"text-align: justify;\">Segundo o IBGE, o n\u00famero de desempregados no Brasil foi de 13,4 milh\u00f5esde pessoas. Isso representa alta de 10,2% em rela\u00e7\u00e3o ao trimestre anterior (12,2 milh\u00f5es). Na compara\u00e7\u00e3o com o mesmo per\u00edodo de 2018, a varia\u00e7\u00e3o n\u00e3o foi estatisticamente significativa (13,6 milh\u00f5es).<\/p>\n<p style=\"text-align: justify;\">Os dados divulgados pelo IBGE fazem parte da Pnad (Pesquisa Nacional por Amostra de Domic\u00edlios) Cont\u00ednua. A pesquisa n\u00e3o usa s\u00f3 os trimestres tradicionais, mas per\u00edodos m\u00f3veis (como fevereiro, mar\u00e7o e abril; mar\u00e7o, abril e maio etc.).<\/p>\n<p style=\"text-align: justify;\">O mercado jogou 1,2 milh\u00e3o de pessoas na desocupa\u00e7\u00e3o, e a carteira de trabalho n\u00e3o teve recupera\u00e7\u00e3o.<br \/>\nCimar Azeredo, coordenador de Trabalho e Rendimento do IBGE<br \/>\n<strong><br \/>\nInformalidade<br \/>\n<\/strong>O total de pessoas ocupadas no pa\u00eds (91,9 milh\u00f5es) caiu 0,9% em rela\u00e7\u00e3o ao trimestre de outubro a dezembro e cresceu 1,8% em rela\u00e7\u00e3o ao primeiro trimestre de 2018.<\/p>\n<p style=\"text-align: justify;\">O n\u00famero de empregados do setor privado sem carteira assinada ficou em 11,1 milh\u00f5es, o que representa uma queda de 3,2% em rela\u00e7\u00e3o ao trimestre anterior. Na compara\u00e7\u00e3o com o mesmo trimestre de 2018, houve alta de 4,4%.<\/p>\n<p style=\"text-align: justify;\">A categoria dos trabalhadores por conta pr\u00f3pria ficou est\u00e1vel em rela\u00e7\u00e3o ao trimestre anterior e cresceu 3,8% em rela\u00e7\u00e3o ao mesmo trimestre do ano passado, alcan\u00e7ando 23,8 milh\u00f5es de pessoas.<\/p>\n<p><strong>Vagas com carteira e rendimento<\/strong><br \/>\nO n\u00famero de empregados no setor privado com carteira assinada (32,9 milh\u00f5es) ficou est\u00e1vel em ambas as compara\u00e7\u00f5es. O rendimento m\u00e9dio do trabalhador tamb\u00e9m ficou est\u00e1vel, a R$ 2.179.<br \/>\nDesalento<\/p>\n<p style=\"text-align: justify;\">Segundo o IBGE, o pa\u00eds tinha 4,8 milh\u00f5es de pessoas desalentadas (que desistiram de procurar emprego) no trimestre encerrado em mar\u00e7o, uma alta de 3,9% em rela\u00e7\u00e3o ao trimestre encerrado em dezembro e de 5,6% na compara\u00e7\u00e3o com o mesmo trimestre de 2018.<\/p>\n<p style=\"text-align: justify;\">O percentual de pessoas desalentadas (4,4%) manteve o recorde da s\u00e9rie e n\u00e3o teve varia\u00e7\u00e3o significativa nas duas compara\u00e7\u00f5es.<\/p>\n<p style=\"text-align: justify;\">A popula\u00e7\u00e3o desalentada \u00e9 definida como aquela que estava fora da for\u00e7a de trabalho por uma das seguintes raz\u00f5es: n\u00e3o conseguia trabalho; n\u00e3o tinha experi\u00eancia; era muito jovem ou idosa; ou n\u00e3o encontrou trabalho na localidade \u2013e que, se tivesse conseguido trabalho, estaria dispon\u00edvel para assumir a vaga.<\/p>\n<p style=\"text-align: justify;\">Os trabalhadores sem carteira que tinham sido contratados como tempor\u00e1rios para vendas, como na Black Friday e no Natal, ou que trabalharam nas elei\u00e7\u00f5es, sa\u00edram do emprego no in\u00edcio do ano. Como esses postos de trabalho pagam menos, a m\u00e9dia de rendimentos do setor aumentou sem que houvesse um ganho real nos rendimentos dos trabalhadores.Cimar Azeredo, coordenador de Trabalho e Rendimento do IBGE<\/p>\n<p><strong>Desemprego em 2018<br \/>\n<\/strong>O desemprego deu uma tr\u00e9gua no Brasil e fechou 2018 em queda, algo que n\u00e3o acontecia havia tr\u00eas anos. No ano passado, a taxa m\u00e9dia de desocupa\u00e7\u00e3o foi de 12,3%, queda de 0,4 ponto percentual em rela\u00e7\u00e3o \u00e0 de 2017 (12,7%).<\/p>\n<p><strong>Metodologia da pesquisa<\/strong><br \/>\nA Pnad Cont\u00ednua \u00e9 realizada em 211.344 casas em cerca de 3.500 munic\u00edpios. O IBGE considera desempregado quem n\u00e3o tem trabalho e procurou algum nos 30 dias anteriores \u00e0 semana em que os dados foram coletados.<\/p>\n<p style=\"text-align: justify;\">Existem outros n\u00fameros sobre desemprego, apresentados pelo Minist\u00e9rio da Economia, com base no Caged (Cadastro Geral de Empregados e Desempregados). Os dados s\u00e3o mais restritos porque consideram apenas os empregos com carteira assinada.<\/p>\n<p style=\"text-align: justify;\">(Com Reuters)<\/p>\n<p style=\"text-align: justify;\">Fonte: UOL<\/p>\n<p style=\"text-align: justify;\">\u00a0<\/p>\n","protected":false},"excerpt":{"rendered":"<p class=\"excerpt\">O desemprego no pa\u00eds foi de 12,7%, em m\u00e9dia, no trimestre encerrado em mar\u00e7o, de acordo com dados do IBGE (Instituto Brasileiro de Geografia e Estat\u00edstica). O \u00edndice subiu em rela\u00e7\u00e3o ao trimestre anterior, de outubro a dezembro (11,6%). Na compara\u00e7\u00e3o com o primeiro trimestre do ano passado (13,1%), o resultado apresentou baixa. Segundo o [&hellip;]<\/p>\n","protected":false},"author":2,"featured_media":9272,"comment_status":"closed","ping_status":"closed","sticky":false,"template":"","format":"standard","meta":{"_et_pb_use_builder":"","_et_pb_old_content":"","_et_gb_content_width":"","footnotes":""},"categories":[13],"tags":[],"class_list":["post-9271","post","type-post","status-publish","format-standard","has-post-thumbnail","hentry","category-noticias"],"_links":{"self":[{"href":"https:\/\/sjcbancarios.com.br\/site\/wp-json\/wp\/v2\/posts\/9271","targetHints":{"allow":["GET"]}}],"collection":[{"href":"https:\/\/sjcbancarios.com.br\/site\/wp-json\/wp\/v2\/posts"}],"about":[{"href":"https:\/\/sjcbancarios.com.br\/site\/wp-json\/wp\/v2\/types\/post"}],"author":[{"embeddable":true,"href":"https:\/\/sjcbancarios.com.br\/site\/wp-json\/wp\/v2\/users\/2"}],"replies":[{"embeddable":true,"href":"https:\/\/sjcbancarios.com.br\/site\/wp-json\/wp\/v2\/comments?post=9271"}],"version-history":[{"count":0,"href":"https:\/\/sjcbancarios.com.br\/site\/wp-json\/wp\/v2\/posts\/9271\/revisions"}],"wp:featuredmedia":[{"embeddable":true,"href":"https:\/\/sjcbancarios.com.br\/site\/wp-json\/wp\/v2\/media\/9272"}],"wp:attachment":[{"href":"https:\/\/sjcbancarios.com.br\/site\/wp-json\/wp\/v2\/media?parent=9271"}],"wp:term":[{"taxonomy":"category","embeddable":true,"href":"https:\/\/sjcbancarios.com.br\/site\/wp-json\/wp\/v2\/categories?post=9271"},{"taxonomy":"post_tag","embeddable":true,"href":"https:\/\/sjcbancarios.com.br\/site\/wp-json\/wp\/v2\/tags?post=9271"}],"curies":[{"name":"wp","href":"https:\/\/api.w.org\/{rel}","templated":true}]}}