{"id":9253,"date":"2019-04-29T12:00:18","date_gmt":"2019-04-29T15:00:18","guid":{"rendered":"http:\/\/sjcbancarios.com.br\/site\/?p=9253"},"modified":"2019-04-29T12:00:18","modified_gmt":"2019-04-29T15:00:18","slug":"contra-reforma-da-previdencia-dez-centrais-se-juntam-no-dia-do-trabalho","status":"publish","type":"post","link":"https:\/\/sjcbancarios.com.br\/site\/noticias\/contra-reforma-da-previdencia-dez-centrais-se-juntam-no-dia-do-trabalho\/","title":{"rendered":"Contra reforma da Previd\u00eancia, dez centrais se juntam no Dia do Trabalho"},"content":{"rendered":"<p style=\"text-align: justify;\">Todas as centrais estar\u00e3o sobre o mesmo palanque na quarta-feira, 1\u00ba de maio<\/p>\n<p style=\"text-align: justify;\">O governo do presidente Jair Bolsonaro (PSL) motivou uma uni\u00e3o in\u00e9dita. Pela primeira vez na hist\u00f3ria do sindicalismo nacional, todas as centrais estar\u00e3o sobre o mesmo palanque na quarta-feira, 1\u00ba de maio.<\/p>\n<p style=\"text-align: justify;\">As medidas nas \u00e1reas da Previd\u00eancia Social e trabalho encampadas pela equipe econ\u00f4mica do ministro Paulo Guedes provocaram tamb\u00e9m uma parceria singular.<\/p>\n<p style=\"text-align: justify;\">Contra a aprova\u00e7\u00e3o da reforma da Previd\u00eancia, CUT (Central \u00danica dos Trabalhadores) e For\u00e7a Sindical se uniram na organiza\u00e7\u00e3o da festa do Dia do Trabalhador.<\/p>\n<p style=\"text-align: justify;\">Com um or\u00e7amento de R$ 700 mil \u2013fruto do rateio das dez centrais\u2013 os sindicalistas pretendem reunir 200 mil trabalhadores no Vale do Anhangaba\u00fa, na regi\u00e3o central da cidade de S\u00e3o Paulo.<\/p>\n<p style=\"text-align: justify;\">Al\u00e9m dos termos da reforma da Previd\u00eancia, pesou tamb\u00e9m a asfixia financeira do movimento sindical. Editada \u00e0s v\u00e9speras do Carnaval, a Medida Provis\u00f3ria 873 suspende o desconto da contribui\u00e7\u00e3o sindical da folha de pagamento dos trabalhadores, exigindo que a cobran\u00e7a dos que desejam contribuir com os sindicatos de suas categorias ocorra via boleto banc\u00e1rio.<br \/>\nSob amea\u00e7a de perda de arrecada\u00e7\u00e3o, as centrais decidiram unir esfor\u00e7os.<\/p>\n<p style=\"text-align: justify;\">Para garantir a participa\u00e7\u00e3o de todas as centrais, os sindicalistas definiram uma pauta m\u00ednima para convoca\u00e7\u00e3o do ato: em defesa dos direitos dos trabalhadores; contra o fim da aposentadoria; pela gera\u00e7\u00e3o de novas vagas de empregos, al\u00e9m de e sal\u00e1rios decentes.<\/p>\n<p style=\"text-align: justify;\">Um dos coordenadores do ato unificado, o secret\u00e1rio-geral da For\u00e7a Sindical, Jo\u00e3o Carlos Gon\u00e7alves, o Juruna, afirmou que a falta de di\u00e1logo com Bolsonaro tamb\u00e9m impulsionou o movimento unificado dos sindicatos.<\/p>\n<p style=\"text-align: justify;\">Segundo Juruna, nesses quatro primeiros meses de governo, Bolsonaro n\u00e3o recebeu um l\u00edder sindical al\u00e9m de Paulinho, que \u00e9 deputado federal. \u201cA campanha de Bolsonaro foi contra o movimento sindical, contra o trabalhador\u201d, afirma Juruna.<\/p>\n<p style=\"text-align: justify;\">Dirigentes sindicais chegaram a propor que houvesse a inclus\u00e3o do movimento \u201cLula Livre\u201d na pauta do encontro. Mas, segundo organizadores, a Conlutas \u2013ligada ao PSTU\u2013 n\u00e3o concordou com a ideia.<\/p>\n<p style=\"text-align: justify;\">Para o presidente da CUT, Vagner Freitas, isso n\u00e3o impedir\u00e1 que seus filiados levem cartazes e usem camisetas em apoio ao ex-presidente Luiz In\u00e1cio Lula da Silva, preso em Curitiba. \u201cLula ser\u00e1 lembrado. At\u00e9 porque os trabalhadores precisam de Lula para barrar a reforma da Previd\u00eancia\u201d, afirma Freitas.<\/p>\n<p style=\"text-align: justify;\">Copatrocinador do ato, o prefeito de S\u00e3o Paulo, Bruno Covas (PSDB), garantiu o fornecimento de banheiros qu\u00edmicos e grades. Tamb\u00e9m deu suporte para a instala\u00e7\u00e3o do palco, al\u00e9m de incluir o Dia do Trabalhador no calend\u00e1rio oficial da cidade.<\/p>\n<p style=\"text-align: justify;\">O s\u00edmbolo da Prefeitura estar\u00e1 no cartaz que lista os apoiadores do evento. Convidado por Paulinho, avisou que ir\u00e1 ao Vale do Anhangaba\u00fa.<\/p>\n<p style=\"text-align: justify;\">Questionado se temia retalia\u00e7\u00e3o do governo Bolsonaro, Covas informou, por meio de sua assessoria, que apoia a reforma da Previd\u00eancia. Mas que, como prefeito, precisa participar dos atos populares realizados no munic\u00edpio.<\/p>\n<p style=\"text-align: justify;\">Confirmada sua presen\u00e7a, Covas dever\u00e1 falar em nome do PSDB. Segundo Juruna, PT, PSOL, PDT, PSB e Solidariedade foram convidados.<\/p>\n<p style=\"text-align: justify;\">Al\u00e9m de l\u00edderes sindicais, representantes de partidos e de frentes de esquerda, como Frente Brasil Popular e Frente Povo sem Medo, al\u00e9m de um representante da UNE (Uni\u00e3o Nacional dos Estudantes) e uma do movimento de mulheres, ter\u00e3o direito \u00e0 voz. Ser\u00e3o tr\u00eas minutos para cada. \u201cConvidamos at\u00e9 o MDB. Limitados \u00e0 centro-esquerda n\u00e3o vamos a lugar algum\u201d, diz Juruna. Mas ressalta: \u201cEssa \u00e9 uma opini\u00e3o pessoal\u201d.<\/p>\n<p style=\"text-align: justify;\">Fonte: Folhapress \/ CONTEC<\/p>\n","protected":false},"excerpt":{"rendered":"<p class=\"excerpt\">Todas as centrais estar\u00e3o sobre o mesmo palanque na quarta-feira, 1\u00ba de maio O governo do presidente Jair Bolsonaro (PSL) motivou uma uni\u00e3o in\u00e9dita. Pela primeira vez na hist\u00f3ria do sindicalismo nacional, todas as centrais estar\u00e3o sobre o mesmo palanque na quarta-feira, 1\u00ba de maio. As medidas nas \u00e1reas da Previd\u00eancia Social e trabalho encampadas [&hellip;]<\/p>\n","protected":false},"author":2,"featured_media":9254,"comment_status":"closed","ping_status":"closed","sticky":false,"template":"","format":"standard","meta":{"_et_pb_use_builder":"","_et_pb_old_content":"","_et_gb_content_width":"","footnotes":""},"categories":[13],"tags":[],"class_list":["post-9253","post","type-post","status-publish","format-standard","has-post-thumbnail","hentry","category-noticias"],"_links":{"self":[{"href":"https:\/\/sjcbancarios.com.br\/site\/wp-json\/wp\/v2\/posts\/9253","targetHints":{"allow":["GET"]}}],"collection":[{"href":"https:\/\/sjcbancarios.com.br\/site\/wp-json\/wp\/v2\/posts"}],"about":[{"href":"https:\/\/sjcbancarios.com.br\/site\/wp-json\/wp\/v2\/types\/post"}],"author":[{"embeddable":true,"href":"https:\/\/sjcbancarios.com.br\/site\/wp-json\/wp\/v2\/users\/2"}],"replies":[{"embeddable":true,"href":"https:\/\/sjcbancarios.com.br\/site\/wp-json\/wp\/v2\/comments?post=9253"}],"version-history":[{"count":0,"href":"https:\/\/sjcbancarios.com.br\/site\/wp-json\/wp\/v2\/posts\/9253\/revisions"}],"wp:featuredmedia":[{"embeddable":true,"href":"https:\/\/sjcbancarios.com.br\/site\/wp-json\/wp\/v2\/media\/9254"}],"wp:attachment":[{"href":"https:\/\/sjcbancarios.com.br\/site\/wp-json\/wp\/v2\/media?parent=9253"}],"wp:term":[{"taxonomy":"category","embeddable":true,"href":"https:\/\/sjcbancarios.com.br\/site\/wp-json\/wp\/v2\/categories?post=9253"},{"taxonomy":"post_tag","embeddable":true,"href":"https:\/\/sjcbancarios.com.br\/site\/wp-json\/wp\/v2\/tags?post=9253"}],"curies":[{"name":"wp","href":"https:\/\/api.w.org\/{rel}","templated":true}]}}