{"id":9201,"date":"2019-04-22T11:41:02","date_gmt":"2019-04-22T14:41:02","guid":{"rendered":"http:\/\/sjcbancarios.com.br\/site\/?p=9201"},"modified":"2019-04-22T11:41:02","modified_gmt":"2019-04-22T14:41:02","slug":"no-brasil-14-milhoes-correm-risco-de-voltar-a-pobreza","status":"publish","type":"post","link":"https:\/\/sjcbancarios.com.br\/site\/noticias\/no-brasil-14-milhoes-correm-risco-de-voltar-a-pobreza\/","title":{"rendered":"No Brasil, 14 milh\u00f5es correm risco de voltar \u00e0 pobreza"},"content":{"rendered":"<p style=\"text-align: justify;\">Segundo Banco Mundial, o indicador no pa\u00eds tem alta depend\u00eancia de ciclo externo (\u00c9rica Fraga)<\/p>\n<p style=\"text-align: justify;\">Um relat\u00f3rio do Banco Mundial, com o sugestivo subt\u00edtulo \u201cQuando os Sonhos Encontram a Realidade\u201d, analisou a vulnerabilidade do progresso social na Am\u00e9rica Latina aos sabores de fatores c\u00edclicos, como o sobe e desce nos pre\u00e7os de commodities.<\/p>\n<p style=\"text-align: justify;\">A conclus\u00e3o \u00e9 que muito da queda da pobreza nos \u201canos de ouro\u201d, entre 2003 e 2014, se deveu a esses movimentos imprevis\u00edveis, pouco determinados por pol\u00edticas dom\u00e9sticas.<\/p>\n<p style=\"text-align: justify;\">Na regi\u00e3o como um todo, os chamados componentes transit\u00f3rios do ciclo econ\u00f4mico explicaram 45,6% da queda na fatia de pessoas vivendo com menos de US$ 5,5 por dia (em paridade do poder de compra).<\/p>\n<p style=\"text-align: justify;\">A redistribui\u00e7\u00e3o de renda foi respons\u00e1vel por outros 35% da redu\u00e7\u00e3o, e apenas 19,4% se deveu ao que mais importa: a tend\u00eancia de expans\u00e3o dos pa\u00edses no longo prazo.<\/p>\n<p style=\"text-align: justify;\">Os dados do Brasil s\u00e3o ainda piores. Por aqui, o ciclo respondeu por 54% do movimento que tirou 39,6 milh\u00f5es da pobreza no per\u00edodo. Programas como o Bolsa Fam\u00edlia explicaram outros 33% da redu\u00e7\u00e3o, e somente 13% foi resultado da nossa capacidade de crescer com as pr\u00f3prias pernas.<\/p>\n<p style=\"text-align: justify;\">N\u00e3o \u00e9 surpreendente, portanto, a breve men\u00e7\u00e3o que o Banco Mundial faz no documento a um aumento de tr\u00eas pontos percentuais da pobreza no Brasil entre 2014 e 2017, quando o ciclo favor\u00e1vel havia acabado.<\/p>\n<p style=\"text-align: justify;\">Uma consulta \u00e0 base de dados da institui\u00e7\u00e3o permite traduzir esse dado em n\u00fameros absolutos. O resultado \u00e9 assustador: 7,4 milh\u00f5es foram adicionados \u00e0 pobreza no pa\u00eds em apenas tr\u00eas anos.<br \/>\nMas h\u00e1 outro exerc\u00edcio aritm\u00e9tico mais perverso impl\u00edcito no relat\u00f3rio.<\/p>\n<p style=\"text-align: justify;\">Se 54% entre 39,6 milh\u00f5es de brasileiros haviam sa\u00eddo da pobreza apenas por efeito do momento externo favor\u00e1vel dos anos 2000, quantos mais podem voltar a essa condi\u00e7\u00e3o?<\/p>\n<p style=\"text-align: justify;\">A resposta \u00e9: outros 14 milh\u00f5es de brasileiros, o dobro da cifra registrada at\u00e9 agora.<\/p>\n<p style=\"text-align: justify;\">Parte desse triste movimento j\u00e1 deve ter ocorrido em 2018. Mas isso n\u00e3o deveria nos impedir de refletir sobre como nos recuperar dessa revers\u00e3o desastrosa e tornar futuros progressos mais sustent\u00e1veis.<\/p>\n<p style=\"text-align: justify;\">Os caminhos est\u00e3o indicados no pr\u00f3prio documento, assim como em outras evid\u00eancias internacionais. \u00c9 crucial diversificar a economia, modernizar a ind\u00fastria, investir em inova\u00e7\u00e3o e em educa\u00e7\u00e3o e reduzir nossa depend\u00eancia dos ciclos de commodities.<\/p>\n<p style=\"text-align: justify;\">O relat\u00f3rio ressalta ainda a import\u00e2ncia de refor\u00e7ar pol\u00edticas que amenizem efeitos de crises tempor\u00e1rias, como o seguro-desemprego.<\/p>\n<p style=\"text-align: justify;\">O problema \u00e9 que, em meio \u00e0 crise fiscal, n\u00f3s retrocedemos, em ambas as frentes, nos \u00faltimos anos.<\/p>\n<p style=\"text-align: justify;\">Fonte: Folha.com \/ CONTEC<\/p>\n","protected":false},"excerpt":{"rendered":"<p class=\"excerpt\">Segundo Banco Mundial, o indicador no pa\u00eds tem alta depend\u00eancia de ciclo externo (\u00c9rica Fraga) Um relat\u00f3rio do Banco Mundial, com o sugestivo subt\u00edtulo \u201cQuando os Sonhos Encontram a Realidade\u201d, analisou a vulnerabilidade do progresso social na Am\u00e9rica Latina aos sabores de fatores c\u00edclicos, como o sobe e desce nos pre\u00e7os de commodities. A conclus\u00e3o [&hellip;]<\/p>\n","protected":false},"author":2,"featured_media":9202,"comment_status":"closed","ping_status":"closed","sticky":false,"template":"","format":"standard","meta":{"_et_pb_use_builder":"","_et_pb_old_content":"","_et_gb_content_width":"","footnotes":""},"categories":[13],"tags":[],"class_list":["post-9201","post","type-post","status-publish","format-standard","has-post-thumbnail","hentry","category-noticias"],"_links":{"self":[{"href":"https:\/\/sjcbancarios.com.br\/site\/wp-json\/wp\/v2\/posts\/9201","targetHints":{"allow":["GET"]}}],"collection":[{"href":"https:\/\/sjcbancarios.com.br\/site\/wp-json\/wp\/v2\/posts"}],"about":[{"href":"https:\/\/sjcbancarios.com.br\/site\/wp-json\/wp\/v2\/types\/post"}],"author":[{"embeddable":true,"href":"https:\/\/sjcbancarios.com.br\/site\/wp-json\/wp\/v2\/users\/2"}],"replies":[{"embeddable":true,"href":"https:\/\/sjcbancarios.com.br\/site\/wp-json\/wp\/v2\/comments?post=9201"}],"version-history":[{"count":0,"href":"https:\/\/sjcbancarios.com.br\/site\/wp-json\/wp\/v2\/posts\/9201\/revisions"}],"wp:featuredmedia":[{"embeddable":true,"href":"https:\/\/sjcbancarios.com.br\/site\/wp-json\/wp\/v2\/media\/9202"}],"wp:attachment":[{"href":"https:\/\/sjcbancarios.com.br\/site\/wp-json\/wp\/v2\/media?parent=9201"}],"wp:term":[{"taxonomy":"category","embeddable":true,"href":"https:\/\/sjcbancarios.com.br\/site\/wp-json\/wp\/v2\/categories?post=9201"},{"taxonomy":"post_tag","embeddable":true,"href":"https:\/\/sjcbancarios.com.br\/site\/wp-json\/wp\/v2\/tags?post=9201"}],"curies":[{"name":"wp","href":"https:\/\/api.w.org\/{rel}","templated":true}]}}