{"id":9167,"date":"2019-04-16T15:59:43","date_gmt":"2019-04-16T18:59:43","guid":{"rendered":"http:\/\/sjcbancarios.com.br\/site\/?p=9167"},"modified":"2019-04-16T15:59:43","modified_gmt":"2019-04-16T18:59:43","slug":"reforma-elimina-aposentadoria-por-idade-para-deficiente-e-prejudica-mulher","status":"publish","type":"post","link":"https:\/\/sjcbancarios.com.br\/site\/noticias\/reforma-elimina-aposentadoria-por-idade-para-deficiente-e-prejudica-mulher\/","title":{"rendered":"Reforma elimina aposentadoria por idade para deficiente e prejudica mulher"},"content":{"rendered":"<header class=\"bdaia-post-header\">\n<div class=\"bdaia-post-title\">\u00a0<\/div>\n<\/header>\n<div class=\"bdaia-post-content\">\n<div class=\"pf-content\">\n<div class=\"\">\n<div class=\"row\">\n<div class=\"col-sm-24 col-md-16 col-lg-17 content-article\">\n<div class=\"row\">\n<div class=\"col-xs-8 col-sm-21 col-md-21\">\n<div class=\"image-content-pad\">\n<div class=\"text\">\n<p style=\"text-align: justify;\">A proposta de\u00a0<a href=\"https:\/\/economia.uol.com.br\/temas\/reforma-da-previdencia\/\">reforma da Previd\u00eancia<\/a>\u00a0enviada pelo governo ao Congresso acaba com a aposentadoria por idade para deficientes e elimina as diferen\u00e7as entre homens e mulheres. As mudan\u00e7as prejudicam mais as mulheres deficientes: elas ter\u00e3o de contribuir at\u00e9 sete anos mais, enquanto para os homens o aumento \u00e9 de no m\u00e1ximo dois anos, havendo, em outros casos, redu\u00e7\u00e3o de cinco anos no tempo, conforme a defici\u00eancia.<\/p>\n<p style=\"text-align: justify;\">Hoje os deficientes podem escolher entre dois tipos de aposentadoria (por idade ou tempo de contribui\u00e7\u00e3o):<\/p>\n<ul style=\"text-align: justify;\">\n<li>Por idade: os homens precisam ter 60 anos e as mulheres 55 anos, e ao menos 15 anos de pagamentos como deficiente.<\/li>\n<li>Por tempo de contribui\u00e7\u00e3o: o tempo m\u00ednimo de pagamento ao INSS\u00a0(Instituto Nacional do Seguro Social)\u00a0\u00e9 reduzido em dez, seis ou dois anos (<a href=\"https:\/\/economia.uol.com.br\/empregos-e-carreiras\/noticias\/redacao\/2015\/07\/04\/entenda-como-funciona-a-aposentadoria.htm\">se comparado \u00e0 regra geral<\/a>) dependendo do grau da defici\u00eancia.<\/li>\n<\/ul>\n<section class=\"infographic-highlights infographic-highlights-full no-half\">\n<div class=\"content\">\n<div class=\"image\">\n<figure class=\"photo no-adapt crop-750x1   figure\" data-format=\"\">\n<div class=\"image \">\n<div class=\"placeholder\"><img loading=\"lazy\" decoding=\"async\" class=\" \" src=\"https:\/\/conteudo.imguol.com.br\/c\/noticias\/ce\/2019\/04\/05\/regras-aposentadoria-deficientes-1554473443701_v2_750x1.jpgx\" width=\"750\" height=\"1\" data-src=\"https:\/\/conteudo.imguol.com.br\/c\/noticias\/ce\/2019\/04\/05\/regras-aposentadoria-deficientes-1554473443701_v2_750x542.jpg\" data-crop=\"{&quot;xs&quot;:&quot;450x1&quot;,&quot;sm&quot;:&quot;750x1&quot;}\" \/><i class=\"placeholder-mask\"><\/i><\/div>\n<\/div>\n<\/figure>\n<\/div>\n<\/div>\n<\/section>\n<h3 style=\"text-align: justify;\">Aposentadoria de deficiente \u00e9 pouco pedida<\/h3>\n<p style=\"text-align: justify;\">Segundo a advogada e presidente do IBDP (Instituto Brasileiro de Direito Previdenci\u00e1rio), Adriane Bramante, a aposentadoria de deficiente \u00e9 pouco solicitada. \u201cMuita gente confunde com\u00a0<a href=\"https:\/\/economia.uol.com.br\/empregos-e-carreiras\/noticias\/redacao\/2015\/07\/04\/como-funcionam-as-aposentadorias-proporcional-por-invalidez-e-especial.htm\">aposentadoria por invalidez<\/a>\u00a0e acaba n\u00e3o pedindo. A aposentadoria do deficiente \u00e9 para aqueles que, apesar da defici\u00eancia, trabalham.\u201d<\/p>\n<p style=\"text-align: justify;\">O INSS considera pessoa com defici\u00eancia aquela que tem impedimentos de longo prazo, de natureza f\u00edsica, mental, intelectual ou sensorial, que a impossibilita da participa\u00e7\u00e3o plena e efetiva na sociedade. Entenda as regras e a proposta:<\/p>\n<h3 style=\"text-align: justify;\">Como \u00e9 hoje<\/h3>\n<p style=\"text-align: justify;\">H\u00e1 dois tipos de aposentadoria para deficientes:<\/p>\n<p style=\"text-align: justify;\"><strong>Aposentadoria por tempo de contribui\u00e7\u00e3o<\/strong><\/p>\n<p style=\"text-align: justify;\">O tempo de contribui\u00e7\u00e3o varia de acordo com o grau da defici\u00eancia do trabalhador.<\/p>\n<ul style=\"text-align: justify;\">\n<li>Grau leve<\/li>\n<\/ul>\n<p style=\"text-align: justify;\">Homem: 33 anos de contribui\u00e7\u00e3o<br \/>\nMulher: 28 anos de contribui\u00e7\u00e3o<\/p>\n<ul style=\"text-align: justify;\">\n<li>Grau moderado<\/li>\n<\/ul>\n<p style=\"text-align: justify;\">Homem: 29 anos de contribui\u00e7\u00e3o<br \/>\nMulher: 24 anos de contribui\u00e7\u00e3o<\/p>\n<ul style=\"text-align: justify;\">\n<li>Grau grave<\/li>\n<\/ul>\n<p style=\"text-align: justify;\">Homem: 25 anos de contribui\u00e7\u00e3o<br \/>\nMulher: 20 anos de contribui\u00e7\u00e3o<\/p>\n<p style=\"text-align: justify;\">\u2013 Regras: 15 anos de contribui\u00e7\u00e3o como deficiente, com comprova\u00e7\u00e3o de exames e laudos m\u00e9dicos. Se a defici\u00eancia apareceu depois que o trabalhador j\u00e1 era inscrito no INSS, o instituto faz uma convers\u00e3o do per\u00edodo.<\/p>\n<p style=\"text-align: justify;\">\u2013 Avalia\u00e7\u00e3o: Uma per\u00edcia m\u00e9dica do INSS e outra no servi\u00e7o social do instituto.<\/p>\n<p style=\"text-align: justify;\">\u2013 Valor: 100% da m\u00e9dia salarial (80% maiores sal\u00e1rios de contribui\u00e7\u00e3o desde julho de 1994). N\u00e3o h\u00e1 desconto do\u00a0<a href=\"https:\/\/economia.uol.com.br\/empregos-e-carreiras\/noticias\/redacao\/2015\/07\/04\/entenda-como-funciona-o-fator-previdenciario.htm\">fator previdenci\u00e1rio<\/a>.<\/p>\n<p style=\"text-align: justify;\"><strong>Aposentadoria por idade<\/strong><\/p>\n<ul style=\"text-align: justify;\">\n<li>Idade m\u00ednima para homens: 60 anos<\/li>\n<li>Idade m\u00ednima para mulheres: 55 anos<\/li>\n<\/ul>\n<p style=\"text-align: justify;\">\u2013 Regras: 15 anos de contribui\u00e7\u00e3o como deficiente, com comprova\u00e7\u00e3o de exames e laudos m\u00e9dicos. N\u00e3o importa o grau de defici\u00eancia.<\/p>\n<p style=\"text-align: justify;\">\u2013 Avalia\u00e7\u00e3o: Uma per\u00edcia m\u00e9dica do INSS e outra com o servi\u00e7o social do instituto.<\/p>\n<p style=\"text-align: justify;\">\u2013 Valor da aposentadoria: 70% da m\u00e9dia salarial (80% maiores sal\u00e1rios de contribui\u00e7\u00e3o desde julho de 1994), mais 1% a cada ano de contribui\u00e7\u00e3o, at\u00e9 o limite de 100%.<\/p>\n<h3 style=\"text-align: justify;\">Como deve ficar<\/h3>\n<p style=\"text-align: justify;\">A reforma prev\u00ea uma aposentadoria por tempo de contribui\u00e7\u00e3o de acordo com o grau de defici\u00eancia. A regra \u00e9 a mesma para homens e mulheres.<\/p>\n<ul style=\"text-align: justify;\">\n<li>Grau leve: 35 anos de contribui\u00e7\u00e3o<\/li>\n<li>Grau moderado: 25 anos de contribui\u00e7\u00e3o<\/li>\n<li>Grau grave: 20 anos de contribui\u00e7\u00e3o<\/li>\n<\/ul>\n<p style=\"text-align: justify;\">\u2013 Regras: Avalia\u00e7\u00e3o m\u00e9dica, psicol\u00f3gica e social. Se a defici\u00eancia apareceu depois que o trabalhador j\u00e1 era registrado no INSS, o instituto faz uma convers\u00e3o do per\u00edodo.<\/p>\n<p style=\"text-align: justify;\">\u2013 Valor: 100% da m\u00e9dia calculada sobre todo o per\u00edodo contributivo desde julho de 1994.<\/p>\n<h3 style=\"text-align: justify;\">Proposta prejudica mulheres, diz especialista<\/h3>\n<p style=\"text-align: justify;\">Al\u00e9m de eliminar a aposentadoria por idade para todos os deficientes, a reforma afeta especificamente as mulheres. Segundo Adriane, as mulheres foram prejudicadas com a proposta do governo por definir as mesmas regras para homens e mulheres.<\/p>\n<p style=\"text-align: justify;\">Pelas regras atuais, a mulher com defici\u00eancia leve precisa ter 28 anos de contribui\u00e7\u00e3o. Com a reforma, precisar\u00e1 ter 35 anos de pagamentos ao INSS. S\u00e3o sete anos a mais do que o exigido hoje. Para defici\u00eancia em grau moderado, ser\u00e1 necess\u00e1rio contribuir um ano a mais. J\u00e1 para a defici\u00eancia grave n\u00e3o haveria mudan\u00e7a para elas.<\/p>\n<p style=\"text-align: justify;\">Para os homens, por outro lado, a proposta diminui em cinco anos as contribui\u00e7\u00f5es na defici\u00eancia grave e em quatro anos na defici\u00eancia moderada. Apenas para a defici\u00eancia leve \u00e9 que haveria aumento de dois anos de contribui\u00e7\u00e3o.<\/p>\n<p style=\"text-align: justify;\">A proposta ainda precisa passar pelo Congresso para come\u00e7ar a valer.<\/p>\n<div class=\"video-embed\" style=\"text-align: justify;\">\n<footer class=\"video-infos\">\n<p class=\"p-unstyled\">Entenda a proposta de reforma da Previd\u00eancia em 10 pontos<\/p>\n<p><span class=\"author\">Fonte: UOL Not\u00edcias \/ <\/span>CONTEC<\/p>\n<\/footer>\n<\/div>\n<\/div>\n<\/div>\n<\/div>\n<\/div>\n<\/div>\n<\/div>\n<\/div>\n<\/div>\n<\/div>\n","protected":false},"excerpt":{"rendered":"<p class=\"excerpt\">\u00a0 A proposta de\u00a0reforma da Previd\u00eancia\u00a0enviada pelo governo ao Congresso acaba com a aposentadoria por idade para deficientes e elimina as diferen\u00e7as entre homens e mulheres. As mudan\u00e7as prejudicam mais as mulheres deficientes: elas ter\u00e3o de contribuir at\u00e9 sete anos mais, enquanto para os homens o aumento \u00e9 de no m\u00e1ximo dois anos, havendo, em [&hellip;]<\/p>\n","protected":false},"author":2,"featured_media":9168,"comment_status":"closed","ping_status":"closed","sticky":false,"template":"","format":"standard","meta":{"_et_pb_use_builder":"","_et_pb_old_content":"","_et_gb_content_width":"","footnotes":""},"categories":[13],"tags":[],"class_list":["post-9167","post","type-post","status-publish","format-standard","has-post-thumbnail","hentry","category-noticias"],"_links":{"self":[{"href":"https:\/\/sjcbancarios.com.br\/site\/wp-json\/wp\/v2\/posts\/9167","targetHints":{"allow":["GET"]}}],"collection":[{"href":"https:\/\/sjcbancarios.com.br\/site\/wp-json\/wp\/v2\/posts"}],"about":[{"href":"https:\/\/sjcbancarios.com.br\/site\/wp-json\/wp\/v2\/types\/post"}],"author":[{"embeddable":true,"href":"https:\/\/sjcbancarios.com.br\/site\/wp-json\/wp\/v2\/users\/2"}],"replies":[{"embeddable":true,"href":"https:\/\/sjcbancarios.com.br\/site\/wp-json\/wp\/v2\/comments?post=9167"}],"version-history":[{"count":0,"href":"https:\/\/sjcbancarios.com.br\/site\/wp-json\/wp\/v2\/posts\/9167\/revisions"}],"wp:featuredmedia":[{"embeddable":true,"href":"https:\/\/sjcbancarios.com.br\/site\/wp-json\/wp\/v2\/media\/9168"}],"wp:attachment":[{"href":"https:\/\/sjcbancarios.com.br\/site\/wp-json\/wp\/v2\/media?parent=9167"}],"wp:term":[{"taxonomy":"category","embeddable":true,"href":"https:\/\/sjcbancarios.com.br\/site\/wp-json\/wp\/v2\/categories?post=9167"},{"taxonomy":"post_tag","embeddable":true,"href":"https:\/\/sjcbancarios.com.br\/site\/wp-json\/wp\/v2\/tags?post=9167"}],"curies":[{"name":"wp","href":"https:\/\/api.w.org\/{rel}","templated":true}]}}