{"id":9136,"date":"2019-04-12T09:58:30","date_gmt":"2019-04-12T12:58:30","guid":{"rendered":"http:\/\/sjcbancarios.com.br\/site\/?p=9136"},"modified":"2019-04-12T09:58:30","modified_gmt":"2019-04-12T12:58:30","slug":"nova-previdencia-perdas-no-bpc-podem-chegar-a-328-segundo-dieese","status":"publish","type":"post","link":"https:\/\/sjcbancarios.com.br\/site\/noticias\/nova-previdencia-perdas-no-bpc-podem-chegar-a-328-segundo-dieese\/","title":{"rendered":"Nova Previd\u00eancia: perdas no BPC podem chegar a 32,8%, segundo Dieese"},"content":{"rendered":"<p style=\"text-align: justify;\">O Dieese (Departamento Intersindical de Estudos Socioecon\u00f4micos) elaborou nota t\u00e9cnica em que questiona os dados da Secretaria de Pol\u00edtica Econ\u00f4mica (SPE), ligada ao Minist\u00e9rio da Economia, que divulgou estudo \u201cEfeito das mudan\u00e7as no BPC no bem-estar\u201d.<\/p>\n<p style=\"text-align: justify;\">\u201cAs conclus\u00f5es \u00e0s quais o trabalho [do Dieese] chega s\u00e3o opostas \u00e0s do governo federal, quer dizer, as mudan\u00e7as propostas para o [Benef\u00edcio de Presta\u00e7\u00e3o Continuada] BPC podem resultar em perdas entre 23,6% e 32,8% do valor presente do benef\u00edcio para os idosos.\u201d<\/p>\n<p style=\"text-align: justify;\">A PEC 6\/19, que modifica diversas regras da Previd\u00eancia e Assist\u00eancia Social, introduz importantes altera\u00e7\u00f5es nos valores e nas regras de acesso ao BPC para os idosos.<\/p>\n<p style=\"text-align: justify;\">Dessas, destaca-se a redu\u00e7\u00e3o do valor inicial do benef\u00edcio para R$ 400, que se igualaria a 1 sal\u00e1rio m\u00ednimo apenas quando o benefici\u00e1rio completasse 70 anos; e, para compensar o rebaixamento do valor, o benef\u00edcio seria estendido a idosos a partir dos 60 anos.<\/p>\n<p style=\"text-align: justify;\">A proposta tamb\u00e9m endurece a regra de acesso ao BPC, determinando que s\u00f3 poder\u00e1 se tornar benefici\u00e1rio o idoso cuja fam\u00edlia tenha patrim\u00f4nio inferior a R$ 98 mil.<\/p>\n<p style=\"text-align: justify;\">\u201cEssa medida afetaria imediatamente as fam\u00edlias dos mais de 2 milh\u00f5es de benefici\u00e1rios idosos hoje inscritos no BPC, tendendo a atingir um n\u00famero muito maior nos pr\u00f3ximos anos, em fun\u00e7\u00e3o das mudan\u00e7as nas regras de acesso \u00e0 aposentadoria propostas pelo governo. Al\u00e9m disso, a redu\u00e7\u00e3o do valor do benef\u00edcio para R$ 400 implicar\u00e1, para boa parte desses idosos, a posterga\u00e7\u00e3o do momento em que esperam deixar de trabalhar, uma vez que muitos se ver\u00e3o compelidos a continuar na ativa at\u00e9 os 70 anos\u201d, diz a nota t\u00e9cnica.<\/p>\n<p style=\"text-align: justify;\">BPC<br \/>\nO Benef\u00edcio de Presta\u00e7\u00e3o Continuada (BPC) da Lei Org\u00e2nica da Assist\u00eancia Social (Loas) \u00e9 a garantia de 1 sal\u00e1rio m\u00ednimo mensal \u00e0 pessoa com defici\u00eancia e ao idoso com 65 anos ou mais que comprovem n\u00e3o possuir meios de prover a pr\u00f3pria manuten\u00e7\u00e3o, nem de t\u00ea-la provida por sua fam\u00edlia.<\/p>\n<p style=\"text-align: justify;\">Para ter direito, \u00e9 necess\u00e1rio que a renda por pessoa do grupo familiar seja menor que 1\/4 (R$ 249,50) do sal\u00e1rio m\u00ednimo vigente.<\/p>\n<p style=\"text-align: justify;\">Fonte: Diap \/ CONTEC<\/p>\n","protected":false},"excerpt":{"rendered":"<p class=\"excerpt\">O Dieese (Departamento Intersindical de Estudos Socioecon\u00f4micos) elaborou nota t\u00e9cnica em que questiona os dados da Secretaria de Pol\u00edtica Econ\u00f4mica (SPE), ligada ao Minist\u00e9rio da Economia, que divulgou estudo \u201cEfeito das mudan\u00e7as no BPC no bem-estar\u201d. \u201cAs conclus\u00f5es \u00e0s quais o trabalho [do Dieese] chega s\u00e3o opostas \u00e0s do governo federal, quer dizer, as mudan\u00e7as [&hellip;]<\/p>\n","protected":false},"author":2,"featured_media":9137,"comment_status":"closed","ping_status":"closed","sticky":false,"template":"","format":"standard","meta":{"_et_pb_use_builder":"","_et_pb_old_content":"","_et_gb_content_width":"","footnotes":""},"categories":[13],"tags":[],"class_list":["post-9136","post","type-post","status-publish","format-standard","has-post-thumbnail","hentry","category-noticias"],"_links":{"self":[{"href":"https:\/\/sjcbancarios.com.br\/site\/wp-json\/wp\/v2\/posts\/9136","targetHints":{"allow":["GET"]}}],"collection":[{"href":"https:\/\/sjcbancarios.com.br\/site\/wp-json\/wp\/v2\/posts"}],"about":[{"href":"https:\/\/sjcbancarios.com.br\/site\/wp-json\/wp\/v2\/types\/post"}],"author":[{"embeddable":true,"href":"https:\/\/sjcbancarios.com.br\/site\/wp-json\/wp\/v2\/users\/2"}],"replies":[{"embeddable":true,"href":"https:\/\/sjcbancarios.com.br\/site\/wp-json\/wp\/v2\/comments?post=9136"}],"version-history":[{"count":0,"href":"https:\/\/sjcbancarios.com.br\/site\/wp-json\/wp\/v2\/posts\/9136\/revisions"}],"wp:featuredmedia":[{"embeddable":true,"href":"https:\/\/sjcbancarios.com.br\/site\/wp-json\/wp\/v2\/media\/9137"}],"wp:attachment":[{"href":"https:\/\/sjcbancarios.com.br\/site\/wp-json\/wp\/v2\/media?parent=9136"}],"wp:term":[{"taxonomy":"category","embeddable":true,"href":"https:\/\/sjcbancarios.com.br\/site\/wp-json\/wp\/v2\/categories?post=9136"},{"taxonomy":"post_tag","embeddable":true,"href":"https:\/\/sjcbancarios.com.br\/site\/wp-json\/wp\/v2\/tags?post=9136"}],"curies":[{"name":"wp","href":"https:\/\/api.w.org\/{rel}","templated":true}]}}