{"id":9065,"date":"2019-04-05T10:42:33","date_gmt":"2019-04-05T13:42:33","guid":{"rendered":"http:\/\/sjcbancarios.com.br\/site\/?p=9065"},"modified":"2019-04-05T10:42:33","modified_gmt":"2019-04-05T13:42:33","slug":"crise-levou-a-pobreza-73-milhoes-de-brasileiros-entre-2014-e-2017","status":"publish","type":"post","link":"https:\/\/sjcbancarios.com.br\/site\/noticias\/crise-levou-a-pobreza-73-milhoes-de-brasileiros-entre-2014-e-2017\/","title":{"rendered":"Crise levou \u00e0 pobreza 7,3 milh\u00f5es de brasileiros entre 2014 e 2017"},"content":{"rendered":"<p style=\"text-align: justify;\">A pobreza no Brasil subiu tr\u00eas pontos porcentuais entre 2014 e 2017, segundo relat\u00f3rio do Banco Mundial sobre a influ\u00eancia dos ciclos econ\u00f4micos nos indicadores sociais da Am\u00e9rica Latina. Com isso, mais 7,3 milh\u00f5es de brasileiros passaram a viver com at\u00e9 US$ 5,50 por dia no per\u00edodo. Agora, 21% da popula\u00e7\u00e3o est\u00e1 na pobreza, de acordo com dados do banco. Em 2014, o porcentual era de 17,9%. \u201cConsiderada a performance med\u00edocre da regi\u00e3o, em particular da Am\u00e9rica do Sul, uma piora nos indicadores sociais n\u00e3o vem como surpresa\u201d, aponta o relat\u00f3rio. O Brasil representa um ter\u00e7o da popula\u00e7\u00e3o da Am\u00e9rica Latina e Caribe.<\/p>\n<p><strong>Am\u00e9rica Latina<br \/>\n<\/strong>Para toda a Am\u00e9rica Latina, o Banco Mundial reduziu para 0,9% a previs\u00e3o de crescimento econ\u00f4mico para este ano. A justificativa para a revis\u00e3o foi, sobretudo, o desenvolvimento \u201cfr\u00e1gil ou negativo\u201d no Brasil, no M\u00e9xico e na Argentina, al\u00e9m do que classificou como um \u201ctr\u00e1gico colapso\u201d na Venezuela. H\u00e1 seis meses, a previs\u00e3o da organiza\u00e7\u00e3o para a regi\u00e3o era de uma expans\u00e3o de 1,6% para este ano, um n\u00famero que j\u00e1 tinha sido reduzido amplamente desde a previs\u00e3o anterior.<\/p>\n<p style=\"text-align: justify;\">Excluindo a Venezuela, no entanto, o Banco Mundial prev\u00ea que a regi\u00e3o da Am\u00e9rica Latina e do Caribe crescer\u00e1 1,9% em 2019 e 2,7% em 2020.<\/p>\n<p style=\"text-align: justify;\">Para o Brasil, a proje\u00e7\u00e3o para este ano \u00e9 de um crescimento de 2,2%, maior do que a m\u00e9dia das estimativas de institui\u00e7\u00f5es financeiras reunidas semanalmente no relat\u00f3rio Focus, do Banco Central. Nesta semana, pela primeira vez, as proje\u00e7\u00f5es de crescimento da economia ficaram abaixo dos 2%. No come\u00e7o de janeiro, a estimativa era de 2,53%.<\/p>\n<p style=\"text-align: justify;\">Para a Argentina, que come\u00e7ou o ano imersa em uma severa recess\u00e3o, a proje\u00e7\u00e3o \u00e9 de que o PIB caia 1,3% neste ano, menos do que a contra\u00e7\u00e3o de 2018, que foi de 2,5%. E para o M\u00e9xico, a organiza\u00e7\u00e3o espera um crescimento de 1,7% em 2019.<br \/>\n<strong><br \/>\nDados<br \/>\n<\/strong>A falta de dados sobre a Venezuela complica o trabalho do banco, raz\u00e3o pela qual a previs\u00e3o completa da regi\u00e3o para 2020 ainda n\u00e3o foi calculada. Para lidar com esta situa\u00e7\u00e3o, o economista-chefe do Banco Mundial para Am\u00e9rica Latina e Caribe, Carlos Vegh, disse esperar que os pa\u00edses da regi\u00e3o desenvolvam redes de prote\u00e7\u00e3o social para apoiar a popula\u00e7\u00e3o mais pobre e vulner\u00e1vel durante os ciclos de desacelera\u00e7\u00e3o econ\u00f4mica.<\/p>\n<p style=\"text-align: justify;\">\u201cOs programas sociais que ajudam a absorver o impacto das crises econ\u00f4micas s\u00e3o comuns nos pa\u00edses desenvolvidos, mas n\u00e3o est\u00e3o suficientemente propagados nesta parte do mundo\u201d, destacou Vegh.<\/p>\n<p style=\"text-align: justify;\">Para o diretor do Banco Mundial, esta \u00e9 uma agenda social \u201cpendente\u201d na regi\u00e3o para assegurar que \u201caqueles que recentemente escaparam da pobreza n\u00e3o deem nenhum passo atr\u00e1s\u201d.<\/p>\n<p><strong>Reformas<br \/>\n<\/strong>Neste sentido, o vice-presidente do banco para a regi\u00e3o, Axel van Trotsenburg, disse que, em tempos \u201cdesafiadores\u201d para a economia, \u201c\u00e9 mais importante do que nunca que os pa\u00edses fa\u00e7am as reformas necess\u00e1rias para impulsionar um crescimento sustent\u00e1vel e inclusivo\u201d.<\/p>\n<p style=\"text-align: justify;\">Fonte: Estad\u00e3o \/ CONTEC<\/p>\n","protected":false},"excerpt":{"rendered":"<p class=\"excerpt\">A pobreza no Brasil subiu tr\u00eas pontos porcentuais entre 2014 e 2017, segundo relat\u00f3rio do Banco Mundial sobre a influ\u00eancia dos ciclos econ\u00f4micos nos indicadores sociais da Am\u00e9rica Latina. Com isso, mais 7,3 milh\u00f5es de brasileiros passaram a viver com at\u00e9 US$ 5,50 por dia no per\u00edodo. Agora, 21% da popula\u00e7\u00e3o est\u00e1 na pobreza, de [&hellip;]<\/p>\n","protected":false},"author":2,"featured_media":9066,"comment_status":"closed","ping_status":"closed","sticky":false,"template":"","format":"standard","meta":{"_et_pb_use_builder":"","_et_pb_old_content":"","_et_gb_content_width":"","footnotes":""},"categories":[13],"tags":[],"class_list":["post-9065","post","type-post","status-publish","format-standard","has-post-thumbnail","hentry","category-noticias"],"_links":{"self":[{"href":"https:\/\/sjcbancarios.com.br\/site\/wp-json\/wp\/v2\/posts\/9065","targetHints":{"allow":["GET"]}}],"collection":[{"href":"https:\/\/sjcbancarios.com.br\/site\/wp-json\/wp\/v2\/posts"}],"about":[{"href":"https:\/\/sjcbancarios.com.br\/site\/wp-json\/wp\/v2\/types\/post"}],"author":[{"embeddable":true,"href":"https:\/\/sjcbancarios.com.br\/site\/wp-json\/wp\/v2\/users\/2"}],"replies":[{"embeddable":true,"href":"https:\/\/sjcbancarios.com.br\/site\/wp-json\/wp\/v2\/comments?post=9065"}],"version-history":[{"count":0,"href":"https:\/\/sjcbancarios.com.br\/site\/wp-json\/wp\/v2\/posts\/9065\/revisions"}],"wp:featuredmedia":[{"embeddable":true,"href":"https:\/\/sjcbancarios.com.br\/site\/wp-json\/wp\/v2\/media\/9066"}],"wp:attachment":[{"href":"https:\/\/sjcbancarios.com.br\/site\/wp-json\/wp\/v2\/media?parent=9065"}],"wp:term":[{"taxonomy":"category","embeddable":true,"href":"https:\/\/sjcbancarios.com.br\/site\/wp-json\/wp\/v2\/categories?post=9065"},{"taxonomy":"post_tag","embeddable":true,"href":"https:\/\/sjcbancarios.com.br\/site\/wp-json\/wp\/v2\/tags?post=9065"}],"curies":[{"name":"wp","href":"https:\/\/api.w.org\/{rel}","templated":true}]}}