{"id":9057,"date":"2019-04-05T10:38:35","date_gmt":"2019-04-05T13:38:35","guid":{"rendered":"http:\/\/sjcbancarios.com.br\/site\/?p=9057"},"modified":"2019-04-05T10:38:35","modified_gmt":"2019-04-05T13:38:35","slug":"reforma-endurece-regra-e-preve-abono-do-pis-pasep-so-para-quem-ganha-ate-1-minimo","status":"publish","type":"post","link":"https:\/\/sjcbancarios.com.br\/site\/noticias\/reforma-endurece-regra-e-preve-abono-do-pis-pasep-so-para-quem-ganha-ate-1-minimo\/","title":{"rendered":"Reforma endurece regra e prev\u00ea abono do PIS\/Pasep s\u00f3 para quem ganha at\u00e9 1 m\u00ednimo"},"content":{"rendered":"<p style=\"text-align: justify;\">A reforma da Previd\u00eancia (PEC 6\/19) encaminhada pelo governo, no dia 20 de fevereiro, ao Congresso Nacional prev\u00ea que o pagamento do abono salarial do PIS\/Pasep ficar\u00e1 restrito aos trabalhadores da iniciativa privada e aos servidores p\u00fablicos que ganham at\u00e9 1 sal\u00e1rio m\u00ednimo (R$ 998, valor de 2019) de remunera\u00e7\u00e3o mensal. \u00c9 o que consta na proposta de Emenda \u00e0 Constitui\u00e7\u00e3o (PEC) elaborada pela equipe econ\u00f4mica de Jair Bolsonaro.<\/p>\n<p style=\"text-align: justify;\">Atualmente, para fazer jus ao abono salarial, o cidad\u00e3o deve ter trabalhado com registro formal por pelo menos 30 dias no ano-calend\u00e1rio de refer\u00eancia, tendo recebido at\u00e9 2 sal\u00e1rios m\u00ednimos, em m\u00e9dia. Tamb\u00e9m \u00e9 preciso estar inscrito no PIS\/Pasep h\u00e1, no m\u00ednimo, 5 anos (contados at\u00e9 2017). Al\u00e9m disso, o empregado precisa ter informado corretamente os dados do trabalhador na Rela\u00e7\u00e3o Anual de Informa\u00e7\u00f5es Sociais (Rais).<\/p>\n<p style=\"text-align: justify;\"><strong>Valor a pagar \u00e9 mantido<\/strong><br \/>\nO texto da proposta, por\u00e9m, mant\u00e9m o pagamento no valor de at\u00e9 1 piso nacional (R$ 998), de acordo com o n\u00famero de meses trabalhados no ano-calend\u00e1rio de refer\u00eancia.<\/p>\n<p style=\"text-align: justify;\">Portanto, quem trabalhar durante 1 m\u00eas vai receber 1\/12 do sal\u00e1rio m\u00ednimo. Hoje, esse valor seria de R$ 80. Quem trabalhar por 2 meses receber\u00e1 2\/12 (ou seja, R$ 167, em 2018) e assim por diante. S\u00f3 ter\u00e1 o valor integral do abono salarial quem tiver trabalhado por 12 meses.<\/p>\n<p style=\"text-align: justify;\">O<strong> que \u00e9 PIS\/Pasep<\/strong><br \/>\nO PIS foi institu\u00eddo por meio da Lei Complementar 7\/70. O programa buscava a integra\u00e7\u00e3o do empregado do setor privado com o desenvolvimento da empresa. O pagamento do PIS \u00e9 de responsabilidade da Caixa.<\/p>\n<p style=\"text-align: justify;\">Paralelamente \u00e0 cria\u00e7\u00e3o do PIS, a Lei Complementar 8\/70 instituiu o Programa de Forma\u00e7\u00e3o do Patrim\u00f4nio do Servidor P\u00fablico (Pasep), com o qual Uni\u00e3o, estados, munic\u00edpios, Distrito Federal e territ\u00f3rios contribu\u00edam com o fundo destinado aos empregados do setor p\u00fablico. O pagamento do Pasep \u00e9 feito pelo Banco do Brasil.<\/p>\n<p style=\"text-align: justify;\">Fonte: Diap \/ CONTEC<\/p>\n","protected":false},"excerpt":{"rendered":"<p class=\"excerpt\">A reforma da Previd\u00eancia (PEC 6\/19) encaminhada pelo governo, no dia 20 de fevereiro, ao Congresso Nacional prev\u00ea que o pagamento do abono salarial do PIS\/Pasep ficar\u00e1 restrito aos trabalhadores da iniciativa privada e aos servidores p\u00fablicos que ganham at\u00e9 1 sal\u00e1rio m\u00ednimo (R$ 998, valor de 2019) de remunera\u00e7\u00e3o mensal. \u00c9 o que consta [&hellip;]<\/p>\n","protected":false},"author":2,"featured_media":0,"comment_status":"closed","ping_status":"closed","sticky":false,"template":"","format":"standard","meta":{"_et_pb_use_builder":"","_et_pb_old_content":"","_et_gb_content_width":"","footnotes":""},"categories":[13],"tags":[],"class_list":["post-9057","post","type-post","status-publish","format-standard","hentry","category-noticias"],"_links":{"self":[{"href":"https:\/\/sjcbancarios.com.br\/site\/wp-json\/wp\/v2\/posts\/9057","targetHints":{"allow":["GET"]}}],"collection":[{"href":"https:\/\/sjcbancarios.com.br\/site\/wp-json\/wp\/v2\/posts"}],"about":[{"href":"https:\/\/sjcbancarios.com.br\/site\/wp-json\/wp\/v2\/types\/post"}],"author":[{"embeddable":true,"href":"https:\/\/sjcbancarios.com.br\/site\/wp-json\/wp\/v2\/users\/2"}],"replies":[{"embeddable":true,"href":"https:\/\/sjcbancarios.com.br\/site\/wp-json\/wp\/v2\/comments?post=9057"}],"version-history":[{"count":0,"href":"https:\/\/sjcbancarios.com.br\/site\/wp-json\/wp\/v2\/posts\/9057\/revisions"}],"wp:attachment":[{"href":"https:\/\/sjcbancarios.com.br\/site\/wp-json\/wp\/v2\/media?parent=9057"}],"wp:term":[{"taxonomy":"category","embeddable":true,"href":"https:\/\/sjcbancarios.com.br\/site\/wp-json\/wp\/v2\/categories?post=9057"},{"taxonomy":"post_tag","embeddable":true,"href":"https:\/\/sjcbancarios.com.br\/site\/wp-json\/wp\/v2\/tags?post=9057"}],"curies":[{"name":"wp","href":"https:\/\/api.w.org\/{rel}","templated":true}]}}