{"id":8971,"date":"2019-03-25T10:48:17","date_gmt":"2019-03-25T13:48:17","guid":{"rendered":"http:\/\/sjcbancarios.com.br\/site\/?p=8971"},"modified":"2019-03-25T10:48:17","modified_gmt":"2019-03-25T13:48:17","slug":"mercado-de-trabalho-precario-eleva-numero-de-lares-sem-renda-diz-ipea","status":"publish","type":"post","link":"https:\/\/sjcbancarios.com.br\/site\/noticias\/mercado-de-trabalho-precario-eleva-numero-de-lares-sem-renda-diz-ipea\/","title":{"rendered":"Mercado de trabalho prec\u00e1rio eleva n\u00famero de lares sem renda, diz Ipea"},"content":{"rendered":"<p style=\"text-align: justify;\">A situa\u00e7\u00e3o ainda prec\u00e1ria do mercado de trabalho, com manuten\u00e7\u00e3o de uma taxa de desemprego elevada e persistente, principalmente entre os brasileiros menos escolarizados, fez aumentar o n\u00famero de lares no Pa\u00eds sem renda alguma proveniente do trabalho ou com uma remunera\u00e7\u00e3o muito baixa. A informa\u00e7\u00e3o faz parte de um levantamento divulgado nesta quarta-feira, 20, pelo Instituto de Pesquisa Econ\u00f4mica Aplicada (Ipea).<\/p>\n<p style=\"text-align: justify;\">O estudo do Ipea levou em considera\u00e7\u00e3o dados da Pesquisa Nacional por Amostra de Domic\u00edlios Cont\u00ednua (Pnad Cont\u00ednua), apurada pelo Instituto Brasileiro de Geografia e Estat\u00edstica<\/p>\n<p style=\"text-align: justify;\">No quarto trimestre de 2017, 21,5% dos domic\u00edlios pesquisados pela Pnad Cont\u00ednua n\u00e3o tinham nenhum morador desempenhando uma atividade remunerada no mercado de trabalho. Essa propor\u00e7\u00e3o subiu para 22,2% no \u00faltimo trimestre de 2018. Antes da recess\u00e3o econ\u00f4mica, no quarto trimestre de 2013, 18,6% das resid\u00eancias n\u00e3o tinham moradores com ocupa\u00e7\u00e3o remunerada.<\/p>\n<p style=\"text-align: justify;\">Na faixa de domic\u00edlios considerados de baixa renda, a propor\u00e7\u00e3o de lares nessa situa\u00e7\u00e3o subiu de 29,8% no quarto trimestre de 2017 para 30,1% no quarto trimestre de 2018. No per\u00edodo pr\u00e9-crise, no \u00faltimo trimestre de 2013, havia ainda menos resid\u00eancias na faixa de renda mais baixa: 27,5%.<\/p>\n<p style=\"text-align: justify;\">O Ipea ressaltou ainda que houve um aumento na desigualdade salarial, com ganhos maiores nos \u00faltimos dois anos para as fam\u00edlias mais ricas do que para as fam\u00edlias com renda m\u00e9dia e baixa.<\/p>\n<p style=\"text-align: justify;\">Os dados desagregados de rendimentos, deflacionados pelo Indicador Ipea de Infla\u00e7\u00e3o por Faixa de Renda, mostram que, no quarto trimestre de 2014, a renda m\u00e9dia domiciliar do trabalho nos lares mais ricos era 27,8 vezes maior que a m\u00e9dia recebida pelas fam\u00edlias da faixa de renda muito baixa. No \u00faltimo trimestre de 2018, a renda m\u00e9dia domiciliar nos lares mais ricos foi 30,3 vezes maior que nos mais pobres.<\/p>\n<p style=\"text-align: justify;\">\u201cNos \u00faltimos dois anos, foi a faixa de renda alta que apresentou os maiores aumentos da renda, o que evidencia o aumento da desigualdade\u201d, apontou o Ipea.<\/p>\n<p style=\"text-align: justify;\">Como consequ\u00eancia, o \u00edndice de Gini \u2013 medida de desigualdade de renda \u2013 registrou eleva\u00e7\u00e3o de forma acentuada desde 2016, especialmente se considerada a renda domiciliar do trabalho como refer\u00eancia. O \u00cdndice de Gini mede a desigualdade numa escala de 0 a 1. Quanto mais perto de 1 o resultado, maior \u00e9 a concentra\u00e7\u00e3o de renda.<\/p>\n<p style=\"text-align: justify;\">Segundo o Ipea, o \u00edndice de Gini da renda domiciliar do trabalho subiu de 0,514 no quarto trimestre de 2014 para 0,533 no mesmo trimestre de 2018. No caso da renda individual proveniente do trabalho, o \u00edndice subiu de 0,495 para 0,509 no mesmo per\u00edodo.<\/p>\n<p style=\"text-align: justify;\">\u201cOs dados mais recentes mostram que, ap\u00f3s ensaiar uma recupera\u00e7\u00e3o mais acentuada ao longo do primeiro semestre de 2018, o mercado de trabalho brasileiro voltou a apresentar um cen\u00e1rio de baixo dinamismo, caracterizado pela estabilidade da taxa de desemprego em patamar elevado e pela leve expans\u00e3o da ocupa\u00e7\u00e3o e da renda. Estes resultados pouco satisfat\u00f3rios, entretanto, n\u00e3o chegam a surpreender, tendo em vista que s\u00e3o compat\u00edveis com a lenta trajet\u00f3ria de retomada da economia brasileira\u201d, explicou o Grupo de Conjuntura do Ipea, no estudo sobre o mercado de trabalho.<\/p>\n<p style=\"text-align: justify;\">O Ipea lembra que a gera\u00e7\u00e3o de postos de trabalho medida pela Pnad Cont\u00ednua perdeu f\u00f4lego no segundo semestre de 2018. Al\u00e9m disso, o aumento da ocupa\u00e7\u00e3o aconteceu, basicamente, na informalidade. O Cadastro Geral de Emprego e Desemprego (Caged) tamb\u00e9m mostrou tend\u00eancia semelhante, com uma estabilidade do n\u00famero de contrata\u00e7\u00f5es e um aumento das demiss\u00f5es.<\/p>\n<p style=\"text-align: justify;\">\u201cAdicionalmente, nota-se que quase um quarto dos empregos formais criados (de acordo com o Caged) foram baseados em contratos de trabalho parciais ou intermitentes. Ainda dentro deste contexto, os dados de desalento e subocupa\u00e7\u00e3o ajudam a corroborar o atual estado ainda ruim do mercado de trabalho\u201d, ressaltou o estudo do Ipea.<\/p>\n<p style=\"text-align: justify;\">O Ipea prev\u00ea a manuten\u00e7\u00e3o da recupera\u00e7\u00e3o gradual do emprego e da renda m\u00e9dia ao longo de 2019. \u201cApesar da expectativa de acelera\u00e7\u00e3o da atividade econ\u00f4mica para o segundo semestre, devido \u00e0 esperada aprova\u00e7\u00e3o da reforma previdenci\u00e1ria, pouco alterada pelo Congresso, os efeitos sobre o mercado de trabalho s\u00f3 devem surgir com mais intensidade no fim de 2019 e ao longo de 2020\u201d, estimou o instituto.<\/p>\n<p style=\"text-align: justify;\">Fonte: Exame \/ CONTEC<\/p>\n","protected":false},"excerpt":{"rendered":"<p class=\"excerpt\">A situa\u00e7\u00e3o ainda prec\u00e1ria do mercado de trabalho, com manuten\u00e7\u00e3o de uma taxa de desemprego elevada e persistente, principalmente entre os brasileiros menos escolarizados, fez aumentar o n\u00famero de lares no Pa\u00eds sem renda alguma proveniente do trabalho ou com uma remunera\u00e7\u00e3o muito baixa. A informa\u00e7\u00e3o faz parte de um levantamento divulgado nesta quarta-feira, 20, [&hellip;]<\/p>\n","protected":false},"author":2,"featured_media":8972,"comment_status":"closed","ping_status":"closed","sticky":false,"template":"","format":"standard","meta":{"_et_pb_use_builder":"","_et_pb_old_content":"","_et_gb_content_width":"","footnotes":""},"categories":[13],"tags":[],"class_list":["post-8971","post","type-post","status-publish","format-standard","has-post-thumbnail","hentry","category-noticias"],"_links":{"self":[{"href":"https:\/\/sjcbancarios.com.br\/site\/wp-json\/wp\/v2\/posts\/8971","targetHints":{"allow":["GET"]}}],"collection":[{"href":"https:\/\/sjcbancarios.com.br\/site\/wp-json\/wp\/v2\/posts"}],"about":[{"href":"https:\/\/sjcbancarios.com.br\/site\/wp-json\/wp\/v2\/types\/post"}],"author":[{"embeddable":true,"href":"https:\/\/sjcbancarios.com.br\/site\/wp-json\/wp\/v2\/users\/2"}],"replies":[{"embeddable":true,"href":"https:\/\/sjcbancarios.com.br\/site\/wp-json\/wp\/v2\/comments?post=8971"}],"version-history":[{"count":0,"href":"https:\/\/sjcbancarios.com.br\/site\/wp-json\/wp\/v2\/posts\/8971\/revisions"}],"wp:featuredmedia":[{"embeddable":true,"href":"https:\/\/sjcbancarios.com.br\/site\/wp-json\/wp\/v2\/media\/8972"}],"wp:attachment":[{"href":"https:\/\/sjcbancarios.com.br\/site\/wp-json\/wp\/v2\/media?parent=8971"}],"wp:term":[{"taxonomy":"category","embeddable":true,"href":"https:\/\/sjcbancarios.com.br\/site\/wp-json\/wp\/v2\/categories?post=8971"},{"taxonomy":"post_tag","embeddable":true,"href":"https:\/\/sjcbancarios.com.br\/site\/wp-json\/wp\/v2\/tags?post=8971"}],"curies":[{"name":"wp","href":"https:\/\/api.w.org\/{rel}","templated":true}]}}