{"id":8952,"date":"2019-03-22T10:05:52","date_gmt":"2019-03-22T13:05:52","guid":{"rendered":"http:\/\/sjcbancarios.com.br\/site\/?p=8952"},"modified":"2019-03-22T10:05:52","modified_gmt":"2019-03-22T13:05:52","slug":"ugt-sp-apoia-ato-das-centrais-do-dia-22-e-libera-filiados","status":"publish","type":"post","link":"https:\/\/sjcbancarios.com.br\/site\/noticias\/ugt-sp-apoia-ato-das-centrais-do-dia-22-e-libera-filiados\/","title":{"rendered":"UGT-SP apoia ato das centrais do dia 22 e libera filiados"},"content":{"rendered":"<p style=\"text-align: justify;\">A UGT S\u00e3o Paulo deliberou na ultima ter\u00e7a, 19 de mar\u00e7o, no Congresso Estadual Ordin\u00e1rio realizado em Tup\u00e3 para discutir mudan\u00e7as no estatuto, que al\u00e9m de liberar os sindicatos filiados para participar da manifesta\u00e7\u00e3o das centrais sindicais marcada para o dia 22, em todo o Pa\u00eds, dar\u00e1 ter\u00e1 total apoio log\u00edstico aos filiados paulistas. <\/p>\n<p>O ato de sexta, que pode at\u00e9 resultar em greves de algumas categorias, \u00e9 de protesto contra a reforma da Previd\u00eancia Social do governo Bolsonaro. Segundo o presidente Amauri Mort\u00e1gua, a UGT-SP registra que haver\u00e1 manifesta\u00e7\u00f5es em v\u00e1rias de suas Regionais no Estado. Os condutores de \u00f4nibus de S\u00e3o Paulo, por exemplo, anunciaram que est\u00e3o preparando um grande ato na Capital, assim como os sindicatos de v\u00e1rias categorias das Regionais de S\u00e3o Jos\u00e9 do Rio Preto, Prudente e S\u00e3o Jos\u00e9 dos Campos.<\/p>\n","protected":false},"excerpt":{"rendered":"<p class=\"excerpt\">A UGT S\u00e3o Paulo deliberou na ultima ter\u00e7a, 19 de mar\u00e7o, no Congresso Estadual Ordin\u00e1rio realizado em Tup\u00e3 para discutir mudan\u00e7as no estatuto, que al\u00e9m de liberar os sindicatos filiados para participar da manifesta\u00e7\u00e3o das centrais sindicais marcada para o dia 22, em todo o Pa\u00eds, dar\u00e1 ter\u00e1 total apoio log\u00edstico aos filiados paulistas. O [&hellip;]<\/p>\n","protected":false},"author":2,"featured_media":8953,"comment_status":"closed","ping_status":"closed","sticky":false,"template":"","format":"standard","meta":{"_et_pb_use_builder":"","_et_pb_old_content":"","_et_gb_content_width":"","footnotes":""},"categories":[13],"tags":[],"class_list":["post-8952","post","type-post","status-publish","format-standard","has-post-thumbnail","hentry","category-noticias"],"_links":{"self":[{"href":"https:\/\/sjcbancarios.com.br\/site\/wp-json\/wp\/v2\/posts\/8952","targetHints":{"allow":["GET"]}}],"collection":[{"href":"https:\/\/sjcbancarios.com.br\/site\/wp-json\/wp\/v2\/posts"}],"about":[{"href":"https:\/\/sjcbancarios.com.br\/site\/wp-json\/wp\/v2\/types\/post"}],"author":[{"embeddable":true,"href":"https:\/\/sjcbancarios.com.br\/site\/wp-json\/wp\/v2\/users\/2"}],"replies":[{"embeddable":true,"href":"https:\/\/sjcbancarios.com.br\/site\/wp-json\/wp\/v2\/comments?post=8952"}],"version-history":[{"count":0,"href":"https:\/\/sjcbancarios.com.br\/site\/wp-json\/wp\/v2\/posts\/8952\/revisions"}],"wp:featuredmedia":[{"embeddable":true,"href":"https:\/\/sjcbancarios.com.br\/site\/wp-json\/wp\/v2\/media\/8953"}],"wp:attachment":[{"href":"https:\/\/sjcbancarios.com.br\/site\/wp-json\/wp\/v2\/media?parent=8952"}],"wp:term":[{"taxonomy":"category","embeddable":true,"href":"https:\/\/sjcbancarios.com.br\/site\/wp-json\/wp\/v2\/categories?post=8952"},{"taxonomy":"post_tag","embeddable":true,"href":"https:\/\/sjcbancarios.com.br\/site\/wp-json\/wp\/v2\/tags?post=8952"}],"curies":[{"name":"wp","href":"https:\/\/api.w.org\/{rel}","templated":true}]}}