{"id":8907,"date":"2019-03-14T10:26:17","date_gmt":"2019-03-14T13:26:17","guid":{"rendered":"http:\/\/sjcbancarios.com.br\/site\/?p=8907"},"modified":"2019-03-18T10:27:15","modified_gmt":"2019-03-18T13:27:15","slug":"negociacao-contec-e-fenaban","status":"publish","type":"post","link":"https:\/\/sjcbancarios.com.br\/site\/noticias\/negociacao-contec-e-fenaban\/","title":{"rendered":"Negocia\u00e7\u00e3o CONTEC e Fenaban"},"content":{"rendered":"<p style=\"text-align: justify;\">Nas reuni\u00f5es FENABAN e CONTEC, desta ter\u00e7a (12) e quinta-feira (14), ficou definido que a Conven\u00e7\u00e3o Coletiva de Trabalho assinada dia 31\/08\/2018, ser\u00e1 cumprida integralmente. Outros procedimentos pertinentes ser\u00e3o avaliados durante a primeira reuni\u00e3o das Comiss\u00f5es Tem\u00e1ticas, marcada para o dia 09\/04\/2019, \u00e0s 10 h, em S\u00e3o Paulo \u2013 Capital.<\/p>\n<p style=\"text-align: justify;\">CEBNN \u2013 Comiss\u00e3o Executiva Banc\u00e1ria Nacional de Negocia\u00e7\u00e3o<\/p>\n","protected":false},"excerpt":{"rendered":"<p class=\"excerpt\">Nas reuni\u00f5es FENABAN e CONTEC, desta ter\u00e7a (12) e quinta-feira (14), ficou definido que a Conven\u00e7\u00e3o Coletiva de Trabalho assinada dia 31\/08\/2018, ser\u00e1 cumprida integralmente. Outros procedimentos pertinentes ser\u00e3o avaliados durante a primeira reuni\u00e3o das Comiss\u00f5es Tem\u00e1ticas, marcada para o dia 09\/04\/2019, \u00e0s 10 h, em S\u00e3o Paulo \u2013 Capital. CEBNN \u2013 Comiss\u00e3o Executiva Banc\u00e1ria [&hellip;]<\/p>\n","protected":false},"author":2,"featured_media":8908,"comment_status":"closed","ping_status":"closed","sticky":false,"template":"","format":"standard","meta":{"_et_pb_use_builder":"","_et_pb_old_content":"","_et_gb_content_width":"","footnotes":""},"categories":[13],"tags":[],"class_list":["post-8907","post","type-post","status-publish","format-standard","has-post-thumbnail","hentry","category-noticias"],"_links":{"self":[{"href":"https:\/\/sjcbancarios.com.br\/site\/wp-json\/wp\/v2\/posts\/8907","targetHints":{"allow":["GET"]}}],"collection":[{"href":"https:\/\/sjcbancarios.com.br\/site\/wp-json\/wp\/v2\/posts"}],"about":[{"href":"https:\/\/sjcbancarios.com.br\/site\/wp-json\/wp\/v2\/types\/post"}],"author":[{"embeddable":true,"href":"https:\/\/sjcbancarios.com.br\/site\/wp-json\/wp\/v2\/users\/2"}],"replies":[{"embeddable":true,"href":"https:\/\/sjcbancarios.com.br\/site\/wp-json\/wp\/v2\/comments?post=8907"}],"version-history":[{"count":0,"href":"https:\/\/sjcbancarios.com.br\/site\/wp-json\/wp\/v2\/posts\/8907\/revisions"}],"wp:featuredmedia":[{"embeddable":true,"href":"https:\/\/sjcbancarios.com.br\/site\/wp-json\/wp\/v2\/media\/8908"}],"wp:attachment":[{"href":"https:\/\/sjcbancarios.com.br\/site\/wp-json\/wp\/v2\/media?parent=8907"}],"wp:term":[{"taxonomy":"category","embeddable":true,"href":"https:\/\/sjcbancarios.com.br\/site\/wp-json\/wp\/v2\/categories?post=8907"},{"taxonomy":"post_tag","embeddable":true,"href":"https:\/\/sjcbancarios.com.br\/site\/wp-json\/wp\/v2\/tags?post=8907"}],"curies":[{"name":"wp","href":"https:\/\/api.w.org\/{rel}","templated":true}]}}