{"id":8855,"date":"2019-03-08T13:04:39","date_gmt":"2019-03-08T16:04:39","guid":{"rendered":"http:\/\/sjcbancarios.com.br\/site\/?p=8855"},"modified":"2019-03-08T13:04:39","modified_gmt":"2019-03-08T16:04:39","slug":"reforma-da-previdencia-e-pior-para-mulheres","status":"publish","type":"post","link":"https:\/\/sjcbancarios.com.br\/site\/noticias\/reforma-da-previdencia-e-pior-para-mulheres\/","title":{"rendered":"Reforma da Previd\u00eancia \u00e9 pior para mulheres"},"content":{"rendered":"<p style=\"text-align: justify;\"><em>PEC da Previd\u00eancia apresentada pelo governo Bolsonaro \u00e9 p\u00e9ssima para todos os brasileiros, mas as trabalhadoras ser\u00e3o ainda mais afetadas. Mobilize-se!<\/em><\/p>\n<p style=\"text-align: justify;\">As mulheres s\u00e3o discriminadas no mercado de trabalho: ganham sal\u00e1rios menores mesmo em fun\u00e7\u00f5es iguais \u00e0s dos homens e ocupam muito menos cargos de dire\u00e7\u00e3o; tamb\u00e9m t\u00eam mais dificuldade no acesso ao emprego e em permanecer nele. E isso tamb\u00e9m por conta de outra enorme desigualdade: as mulheres assumem grande parte ou a totalidade das tarefas com filhos e com a casa, o que chamamos de dupla jornada (emprego e trabalho dom\u00e9stico).<\/p>\n<p style=\"text-align: justify;\">\u00c9 a situa\u00e7\u00e3o desigual da mulher na vida profissional que justifica que ela se aposente mais cedo e com menor tempo de contribui\u00e7\u00e3o. Mas a proposta de reforma da Previd\u00eancia de Bolsonaro, que \u00e9 nefasta para todos os trabalhadores, desconsidera essa realidade e penaliza ainda mais as mulheres.<\/p>\n<p style=\"text-align: justify;\">Para receber apenas 60% do benef\u00edcio, a proposta determina que mulheres s\u00f3 podem se aposentar aos 62 anos de idade (pelas regras atuais a idade m\u00ednima para mulheres \u00e9 60 anos) e com 20 anos de contribui\u00e7\u00e3o (hoje o tempo m\u00ednimo de contribui\u00e7\u00e3o \u00e9 15 anos). Para os homens, a proposta n\u00e3o aumenta a idade m\u00ednima, que permanece em 65 anos, e determina os mesmos 20 anos de contribui\u00e7\u00e3o. J\u00e1 para o benef\u00edcio integral, ambos devem, al\u00e9m de atingir as idades de 62 anos e 65 anos, contribuir para o INSS por 40 anos.<\/p>\n<p style=\"text-align: justify;\">Vejamos um exemplo: a banc\u00e1ria Luciana tem 31 anos e 11 anos de banco. Hoje, para receber o benef\u00edcio integral, ela aplicaria a f\u00f3rmula progressiva 85\/95 (institu\u00edda pelo governo Dilma, em 2015) e se aposentaria aos 55 anos e com 35 anos de contribui\u00e7\u00e3o, em 2043, quando a soma de sua idade e do tempo de contribui\u00e7\u00e3o seria 90 (a f\u00f3rmula 85\/95 progrediu a partir de 2018 para 86\/96, e a cada dois anos aumenta um ponto, at\u00e9 alcan\u00e7ar 90\/100 em 2027).<\/p>\n<p style=\"text-align: justify;\">J\u00e1 pela proposta de Bolsonaro, para ter direito ao benef\u00edcio integral, Luciana teria de chegar aos 62 anos e contribuir por 40 anos. Ou seja, se a PEC do governo for aprovada, Luciana ter\u00e1 de ter 7 anos a mais de idade e contribuir por mais 5 anos.<\/p>\n<p style=\"text-align: justify;\">Vamos comparar com o caso de Paulo, que tem os mesmos 31 anos e 11 de banco. Pela f\u00f3rmula 90\/100, Paulo se aposenta com o benef\u00edcio integral aos 60 anos com 40 anos de contribui\u00e7\u00e3o. Pela proposta do governo, ele poder\u00e1 se aposentar com 100% do benef\u00edcio com 40 anos de contribui\u00e7\u00e3o (o mesmo determinado pela f\u00f3rmula progressiva) e aos 65 anos.<\/p>\n<p style=\"text-align: justify;\">A proposta tamb\u00e9m prejudica o banc\u00e1rio, mas para ele o dano \u00e9 menor porque n\u00e3o precisar\u00e1 mais contribuir, s\u00f3 ter\u00e1 que esperar mais cinco anos para alcan\u00e7ar a idade m\u00ednima exigida.<\/p>\n<p><img loading=\"lazy\" decoding=\"async\" class=\"alignnone wp-image-8856 size-full\" src=\"http:\/\/sjcbancarios.com.br\/site\/wp-content\/uploads\/2019\/03\/info4.jpg\" alt=\"\" width=\"750\" height=\"400\" srcset=\"https:\/\/sjcbancarios.com.br\/site\/wp-content\/uploads\/2019\/03\/info4.jpg 750w, https:\/\/sjcbancarios.com.br\/site\/wp-content\/uploads\/2019\/03\/info4-450x240.jpg 450w, https:\/\/sjcbancarios.com.br\/site\/wp-content\/uploads\/2019\/03\/info4-24x13.jpg 24w, https:\/\/sjcbancarios.com.br\/site\/wp-content\/uploads\/2019\/03\/info4-36x19.jpg 36w, https:\/\/sjcbancarios.com.br\/site\/wp-content\/uploads\/2019\/03\/info4-48x26.jpg 48w\" sizes=\"(max-width: 750px) 100vw, 750px\" \/><\/p>\n<p>Fonte: SP Banc\u00e1rios<br \/>\nFoto: Freepik<\/p>\n","protected":false},"excerpt":{"rendered":"<p class=\"excerpt\">PEC da Previd\u00eancia apresentada pelo governo Bolsonaro \u00e9 p\u00e9ssima para todos os brasileiros, mas as trabalhadoras ser\u00e3o ainda mais afetadas. Mobilize-se! As mulheres s\u00e3o discriminadas no mercado de trabalho: ganham sal\u00e1rios menores mesmo em fun\u00e7\u00f5es iguais \u00e0s dos homens e ocupam muito menos cargos de dire\u00e7\u00e3o; tamb\u00e9m t\u00eam mais dificuldade no acesso ao emprego e [&hellip;]<\/p>\n","protected":false},"author":2,"featured_media":8857,"comment_status":"closed","ping_status":"closed","sticky":false,"template":"","format":"standard","meta":{"_et_pb_use_builder":"","_et_pb_old_content":"","_et_gb_content_width":"","footnotes":""},"categories":[13],"tags":[],"class_list":["post-8855","post","type-post","status-publish","format-standard","has-post-thumbnail","hentry","category-noticias"],"_links":{"self":[{"href":"https:\/\/sjcbancarios.com.br\/site\/wp-json\/wp\/v2\/posts\/8855","targetHints":{"allow":["GET"]}}],"collection":[{"href":"https:\/\/sjcbancarios.com.br\/site\/wp-json\/wp\/v2\/posts"}],"about":[{"href":"https:\/\/sjcbancarios.com.br\/site\/wp-json\/wp\/v2\/types\/post"}],"author":[{"embeddable":true,"href":"https:\/\/sjcbancarios.com.br\/site\/wp-json\/wp\/v2\/users\/2"}],"replies":[{"embeddable":true,"href":"https:\/\/sjcbancarios.com.br\/site\/wp-json\/wp\/v2\/comments?post=8855"}],"version-history":[{"count":0,"href":"https:\/\/sjcbancarios.com.br\/site\/wp-json\/wp\/v2\/posts\/8855\/revisions"}],"wp:featuredmedia":[{"embeddable":true,"href":"https:\/\/sjcbancarios.com.br\/site\/wp-json\/wp\/v2\/media\/8857"}],"wp:attachment":[{"href":"https:\/\/sjcbancarios.com.br\/site\/wp-json\/wp\/v2\/media?parent=8855"}],"wp:term":[{"taxonomy":"category","embeddable":true,"href":"https:\/\/sjcbancarios.com.br\/site\/wp-json\/wp\/v2\/categories?post=8855"},{"taxonomy":"post_tag","embeddable":true,"href":"https:\/\/sjcbancarios.com.br\/site\/wp-json\/wp\/v2\/tags?post=8855"}],"curies":[{"name":"wp","href":"https:\/\/api.w.org\/{rel}","templated":true}]}}