{"id":885,"date":"2018-01-07T11:53:44","date_gmt":"2018-01-07T13:53:44","guid":{"rendered":"http:\/\/sjcbancarios.com.br\/site\/?p=885"},"modified":"2018-01-07T11:53:44","modified_gmt":"2018-01-07T13:53:44","slug":"itau","status":"publish","type":"post","link":"https:\/\/sjcbancarios.com.br\/site\/bancos\/itau\/","title":{"rendered":"Ita\u00fa"},"content":{"rendered":"<div class=\"pt-cv-wrapper et_smooth_scroll_disabled\"><div class=\"pt-cv-view pt-cv-grid pt-cv-colsys\" id=\"pt-cv-view-940900234y\"><div data-id=\"pt-cv-page-1\" class=\"pt-cv-page\" data-cvc=\"4\"><div class=\"col-md-3 col-sm-6 col-xs-6 pt-cv-content-item pt-cv-1-col\" ><div class='pt-cv-ifield'><a href=\"https:\/\/sjcbancarios.com.br\/site\/bancos\/itau\/em-reuniao-com-o-itau-sindicato-questiona-fechamento-de-agencias-e-demissoes\/\" class=\"_self pt-cv-href-thumbnail pt-cv-thumb-default\" target=\"_self\" ><img loading=\"lazy\" decoding=\"async\" width=\"480\" height=\"340\" src=\"https:\/\/sjcbancarios.com.br\/site\/wp-content\/uploads\/2025\/08\/reuniao-COE-Itau-12-08-480x340.webp\" class=\"pt-cv-thumbnail\" alt=\"\" srcset=\"https:\/\/sjcbancarios.com.br\/site\/wp-content\/uploads\/2025\/08\/reuniao-COE-Itau-12-08-480x340.webp 480w, https:\/\/sjcbancarios.com.br\/site\/wp-content\/uploads\/2025\/08\/reuniao-COE-Itau-12-08-400x284.webp 400w\" sizes=\"(max-width: 480px) 100vw, 480px\" \/><\/a>\n<p class=\"pt-cv-title\"><a href=\"https:\/\/sjcbancarios.com.br\/site\/bancos\/itau\/em-reuniao-com-o-itau-sindicato-questiona-fechamento-de-agencias-e-demissoes\/\" class=\"_self\" target=\"_self\" >Em reuni\u00e3o com o Ita\u00fa, Sindicato questiona fechamento de ag\u00eancias e demiss\u00f5es.<\/a><\/p><\/div><\/div>\n<div class=\"col-md-3 col-sm-6 col-xs-6 pt-cv-content-item pt-cv-1-col\" ><div class='pt-cv-ifield'><a href=\"https:\/\/sjcbancarios.com.br\/site\/bancos\/itau\/sindicatos-denunciam-demissoes-em-massa-e-fechamento-de-agencias-no-dia-nacional-de-luta-no-itau\/\" class=\"_self pt-cv-href-thumbnail pt-cv-thumb-default\" target=\"_self\" ><img loading=\"lazy\" decoding=\"async\" width=\"480\" height=\"340\" src=\"https:\/\/sjcbancarios.com.br\/site\/wp-content\/uploads\/2025\/07\/paralisacao-itau-1-1-480x340.jpeg\" class=\"pt-cv-thumbnail\" alt=\"\" srcset=\"https:\/\/sjcbancarios.com.br\/site\/wp-content\/uploads\/2025\/07\/paralisacao-itau-1-1-480x340.jpeg 480w, https:\/\/sjcbancarios.com.br\/site\/wp-content\/uploads\/2025\/07\/paralisacao-itau-1-1-400x284.jpeg 400w, https:\/\/sjcbancarios.com.br\/site\/wp-content\/uploads\/2025\/07\/paralisacao-itau-1-1-24x17.jpeg 24w, https:\/\/sjcbancarios.com.br\/site\/wp-content\/uploads\/2025\/07\/paralisacao-itau-1-1-36x25.jpeg 36w, https:\/\/sjcbancarios.com.br\/site\/wp-content\/uploads\/2025\/07\/paralisacao-itau-1-1-48x33.jpeg 48w\" sizes=\"(max-width: 480px) 100vw, 480px\" \/><\/a>\n<p class=\"pt-cv-title\"><a href=\"https:\/\/sjcbancarios.com.br\/site\/bancos\/itau\/sindicatos-denunciam-demissoes-em-massa-e-fechamento-de-agencias-no-dia-nacional-de-luta-no-itau\/\" class=\"_self\" target=\"_self\" >Sindicatos denunciam demiss\u00f5es em massa e fechamento de ag\u00eancias no Dia Nacional de Luta no Ita\u00fa.<\/a><\/p><\/div><\/div>\n<div class=\"col-md-3 col-sm-6 col-xs-6 pt-cv-content-item pt-cv-1-col\" ><div class='pt-cv-ifield'><a href=\"https:\/\/sjcbancarios.com.br\/site\/bancos\/itau\/reuniao-da-coe-itau-discute-banco-de-horas-metas-reestruturacao-e-seguranca-dos-trabalhadores\/\" class=\"_self pt-cv-href-thumbnail pt-cv-thumb-default\" target=\"_self\" ><img loading=\"lazy\" decoding=\"async\" width=\"480\" height=\"340\" src=\"https:\/\/sjcbancarios.com.br\/site\/wp-content\/uploads\/2025\/06\/COE-Itau-480x340.webp\" class=\"pt-cv-thumbnail\" alt=\"\" srcset=\"https:\/\/sjcbancarios.com.br\/site\/wp-content\/uploads\/2025\/06\/COE-Itau-480x340.webp 480w, https:\/\/sjcbancarios.com.br\/site\/wp-content\/uploads\/2025\/06\/COE-Itau-400x284.webp 400w\" sizes=\"(max-width: 480px) 100vw, 480px\" \/><\/a>\n<p class=\"pt-cv-title\"><a href=\"https:\/\/sjcbancarios.com.br\/site\/bancos\/itau\/reuniao-da-coe-itau-discute-banco-de-horas-metas-reestruturacao-e-seguranca-dos-trabalhadores\/\" class=\"_self\" target=\"_self\" >Reuni\u00e3o da COE Ita\u00fa discute banco de horas, metas, reestrutura\u00e7\u00e3o e seguran\u00e7a dos trabalhadores.<\/a><\/p><\/div><\/div>\n<div class=\"col-md-3 col-sm-6 col-xs-6 pt-cv-content-item pt-cv-1-col\" ><div class='pt-cv-ifield'><a href=\"https:\/\/sjcbancarios.com.br\/site\/bancos\/itau\/itau-sindicato-convoca-funcionarios-para-assembleia-virtual-nesta-quarta-feira-dia-21\/\" class=\"_self pt-cv-href-thumbnail pt-cv-thumb-default\" target=\"_self\" ><img loading=\"lazy\" decoding=\"async\" width=\"480\" height=\"340\" src=\"https:\/\/sjcbancarios.com.br\/site\/wp-content\/uploads\/2021\/03\/assembleia-virtual-itau-480x340.jpg\" class=\"pt-cv-thumbnail\" alt=\"\" srcset=\"https:\/\/sjcbancarios.com.br\/site\/wp-content\/uploads\/2021\/03\/assembleia-virtual-itau-480x340.jpg 480w, https:\/\/sjcbancarios.com.br\/site\/wp-content\/uploads\/2021\/03\/assembleia-virtual-itau-400x284.jpg 400w\" sizes=\"(max-width: 480px) 100vw, 480px\" \/><\/a>\n<p class=\"pt-cv-title\"><a href=\"https:\/\/sjcbancarios.com.br\/site\/bancos\/itau\/itau-sindicato-convoca-funcionarios-para-assembleia-virtual-nesta-quarta-feira-dia-21\/\" class=\"_self\" target=\"_self\" >Ita\u00fa &#8211; Sindicato convoca funcion\u00e1rios para assembleia virtual nesta quarta-feira, dia 21.<\/a><\/p><\/div><\/div>\n<div class=\"col-md-3 col-sm-6 col-xs-6 pt-cv-content-item pt-cv-1-col\" ><div class='pt-cv-ifield'><a href=\"https:\/\/sjcbancarios.com.br\/site\/bancos\/itau\/itau-apresenta-proposta-final-para-o-pcr-em-reuniao-com-a-coe\/\" class=\"_self pt-cv-href-thumbnail pt-cv-thumb-default\" target=\"_self\" ><img loading=\"lazy\" decoding=\"async\" width=\"404\" height=\"316\" src=\"https:\/\/sjcbancarios.com.br\/site\/wp-content\/uploads\/2020\/09\/ITA\u00d9-PLR-PCR.jpg\" class=\"pt-cv-thumbnail\" alt=\"\" srcset=\"https:\/\/sjcbancarios.com.br\/site\/wp-content\/uploads\/2020\/09\/ITA\u00d9-PLR-PCR.jpg 404w, https:\/\/sjcbancarios.com.br\/site\/wp-content\/uploads\/2020\/09\/ITA\u00d9-PLR-PCR-384x300.jpg 384w, https:\/\/sjcbancarios.com.br\/site\/wp-content\/uploads\/2020\/09\/ITA\u00d9-PLR-PCR-24x19.jpg 24w, https:\/\/sjcbancarios.com.br\/site\/wp-content\/uploads\/2020\/09\/ITA\u00d9-PLR-PCR-36x28.jpg 36w, https:\/\/sjcbancarios.com.br\/site\/wp-content\/uploads\/2020\/09\/ITA\u00d9-PLR-PCR-48x38.jpg 48w\" sizes=\"(max-width: 404px) 100vw, 404px\" \/><\/a>\n<p class=\"pt-cv-title\"><a href=\"https:\/\/sjcbancarios.com.br\/site\/bancos\/itau\/itau-apresenta-proposta-final-para-o-pcr-em-reuniao-com-a-coe\/\" class=\"_self\" target=\"_self\" >Ita\u00fa apresenta proposta final para o PCR em reuni\u00e3o com a COE.<\/a><\/p><\/div><\/div>\n<div class=\"col-md-3 col-sm-6 col-xs-6 pt-cv-content-item pt-cv-1-col\" ><div class='pt-cv-ifield'><a href=\"https:\/\/sjcbancarios.com.br\/site\/bancos\/itau\/coe-itau-cobra-mudancas-no-programa-gera-e-reajuste-da-pcr\/\" class=\"_self pt-cv-href-thumbnail pt-cv-thumb-default\" target=\"_self\" ><img loading=\"lazy\" decoding=\"async\" width=\"480\" height=\"340\" src=\"https:\/\/sjcbancarios.com.br\/site\/wp-content\/uploads\/2025\/04\/COE-itau-quarta-dos-480x340.jpeg\" class=\"pt-cv-thumbnail\" alt=\"\" srcset=\"https:\/\/sjcbancarios.com.br\/site\/wp-content\/uploads\/2025\/04\/COE-itau-quarta-dos-480x340.jpeg 480w, https:\/\/sjcbancarios.com.br\/site\/wp-content\/uploads\/2025\/04\/COE-itau-quarta-dos-400x284.jpeg 400w, https:\/\/sjcbancarios.com.br\/site\/wp-content\/uploads\/2025\/04\/COE-itau-quarta-dos-24x18.jpeg 24w, https:\/\/sjcbancarios.com.br\/site\/wp-content\/uploads\/2025\/04\/COE-itau-quarta-dos-36x27.jpeg 36w\" sizes=\"(max-width: 480px) 100vw, 480px\" \/><\/a>\n<p class=\"pt-cv-title\"><a href=\"https:\/\/sjcbancarios.com.br\/site\/bancos\/itau\/coe-itau-cobra-mudancas-no-programa-gera-e-reajuste-da-pcr\/\" class=\"_self\" target=\"_self\" >COE Ita\u00fa cobra mudan\u00e7as no programa GERA e reajuste da PCR.<\/a><\/p><\/div><\/div>\n<div class=\"col-md-3 col-sm-6 col-xs-6 pt-cv-content-item pt-cv-1-col\" ><div class='pt-cv-ifield'><a href=\"https:\/\/sjcbancarios.com.br\/site\/bancos\/itau\/itau-responde-a-questionamentos-do-gt-de-saude-sobre-atendimento-medico-denuncias-e-medidas-contra-assedio\/\" class=\"_self pt-cv-href-thumbnail pt-cv-thumb-default\" target=\"_self\" ><img loading=\"lazy\" decoding=\"async\" width=\"480\" height=\"340\" src=\"https:\/\/sjcbancarios.com.br\/site\/wp-content\/uploads\/2021\/01\/itau-negocia-com-coe-480x340.jpg\" class=\"pt-cv-thumbnail\" alt=\"\" srcset=\"https:\/\/sjcbancarios.com.br\/site\/wp-content\/uploads\/2021\/01\/itau-negocia-com-coe-480x340.jpg 480w, https:\/\/sjcbancarios.com.br\/site\/wp-content\/uploads\/2021\/01\/itau-negocia-com-coe-400x284.jpg 400w, https:\/\/sjcbancarios.com.br\/site\/wp-content\/uploads\/2021\/01\/itau-negocia-com-coe-24x16.jpg 24w, https:\/\/sjcbancarios.com.br\/site\/wp-content\/uploads\/2021\/01\/itau-negocia-com-coe-36x25.jpg 36w, https:\/\/sjcbancarios.com.br\/site\/wp-content\/uploads\/2021\/01\/itau-negocia-com-coe-48x33.jpg 48w\" sizes=\"(max-width: 480px) 100vw, 480px\" \/><\/a>\n<p class=\"pt-cv-title\"><a href=\"https:\/\/sjcbancarios.com.br\/site\/bancos\/itau\/itau-responde-a-questionamentos-do-gt-de-saude-sobre-atendimento-medico-denuncias-e-medidas-contra-assedio\/\" class=\"_self\" target=\"_self\" >Ita\u00fa responde a questionamentos do GT de Sa\u00fade sobre atendimento m\u00e9dico, den\u00fancias e medidas contra ass\u00e9dio.<\/a><\/p><\/div><\/div>\n<div class=\"col-md-3 col-sm-6 col-xs-6 pt-cv-content-item pt-cv-1-col\" ><div class='pt-cv-ifield'><a href=\"https:\/\/sjcbancarios.com.br\/site\/bancos\/itau\/eleicoes-da-fundacao-itau-feeb-sp-ms-apoia-a-chapa-1-o-futuro-e-hoje\/\" class=\"_self pt-cv-href-thumbnail pt-cv-thumb-default\" target=\"_self\" ><img loading=\"lazy\" decoding=\"async\" width=\"480\" height=\"340\" src=\"https:\/\/sjcbancarios.com.br\/site\/wp-content\/uploads\/2025\/03\/CHAPA-1-O-FUTURO-E-HOJE-480x340.jpg\" class=\"pt-cv-thumbnail\" alt=\"\" srcset=\"https:\/\/sjcbancarios.com.br\/site\/wp-content\/uploads\/2025\/03\/CHAPA-1-O-FUTURO-E-HOJE-480x340.jpg 480w, https:\/\/sjcbancarios.com.br\/site\/wp-content\/uploads\/2025\/03\/CHAPA-1-O-FUTURO-E-HOJE-400x284.jpg 400w\" sizes=\"(max-width: 480px) 100vw, 480px\" \/><\/a>\n<p class=\"pt-cv-title\"><a href=\"https:\/\/sjcbancarios.com.br\/site\/bancos\/itau\/eleicoes-da-fundacao-itau-feeb-sp-ms-apoia-a-chapa-1-o-futuro-e-hoje\/\" class=\"_self\" target=\"_self\" >Ita\u00fa &#8211; Chapa 1 \u2013 O futuro \u00e9 hoje, vence as elei\u00e7\u00f5es!<\/a><\/p><\/div><\/div>\n<div class=\"col-md-3 col-sm-6 col-xs-6 pt-cv-content-item pt-cv-1-col\" ><div class='pt-cv-ifield'><a href=\"https:\/\/sjcbancarios.com.br\/site\/bancos\/itau\/lucro-do-itau-chega-aos-quase-r-415-bilhoes-em-2024\/\" class=\"_self pt-cv-href-thumbnail pt-cv-thumb-default\" target=\"_self\" ><img loading=\"lazy\" decoding=\"async\" width=\"480\" height=\"340\" src=\"https:\/\/sjcbancarios.com.br\/site\/wp-content\/uploads\/2021\/05\/lucro-itau-480x340.jpg\" class=\"pt-cv-thumbnail\" alt=\"\" srcset=\"https:\/\/sjcbancarios.com.br\/site\/wp-content\/uploads\/2021\/05\/lucro-itau-480x340.jpg 480w, https:\/\/sjcbancarios.com.br\/site\/wp-content\/uploads\/2021\/05\/lucro-itau-400x284.jpg 400w\" sizes=\"(max-width: 480px) 100vw, 480px\" \/><\/a>\n<p class=\"pt-cv-title\"><a href=\"https:\/\/sjcbancarios.com.br\/site\/bancos\/itau\/lucro-do-itau-chega-aos-quase-r-415-bilhoes-em-2024\/\" class=\"_self\" target=\"_self\" >Lucro do Ita\u00fa chega aos quase R$ 41,5 bilh\u00f5es em 2024.<\/a><\/p><\/div><\/div>\n<div class=\"col-md-3 col-sm-6 col-xs-6 pt-cv-content-item pt-cv-1-col\" ><div class='pt-cv-ifield'><a href=\"https:\/\/sjcbancarios.com.br\/site\/bancos\/itau\/itau-pagara-a-segunda-parcela-da-plr-no-dia-28-deste-mes-de-fevereiro\/\" class=\"_self pt-cv-href-thumbnail pt-cv-thumb-default\" target=\"_self\" ><img loading=\"lazy\" decoding=\"async\" width=\"480\" height=\"340\" src=\"https:\/\/sjcbancarios.com.br\/site\/wp-content\/uploads\/2025\/02\/PLR-ITAU-2025-480x340.jpg\" class=\"pt-cv-thumbnail\" alt=\"\" srcset=\"https:\/\/sjcbancarios.com.br\/site\/wp-content\/uploads\/2025\/02\/PLR-ITAU-2025-480x340.jpg 480w, https:\/\/sjcbancarios.com.br\/site\/wp-content\/uploads\/2025\/02\/PLR-ITAU-2025-400x284.jpg 400w\" sizes=\"(max-width: 480px) 100vw, 480px\" \/><\/a>\n<p class=\"pt-cv-title\"><a href=\"https:\/\/sjcbancarios.com.br\/site\/bancos\/itau\/itau-pagara-a-segunda-parcela-da-plr-no-dia-28-deste-mes-de-fevereiro\/\" class=\"_self\" target=\"_self\" >Ita\u00fa pagar\u00e1 a segunda parcela da PLR no dia 28 deste m\u00eas de fevereiro.<\/a><\/p><\/div><\/div>\n<div class=\"col-md-3 col-sm-6 col-xs-6 pt-cv-content-item pt-cv-1-col\" ><div class='pt-cv-ifield'><a href=\"https:\/\/sjcbancarios.com.br\/site\/bancos\/itau\/coe-itau-se-reune-para-discutir-plano-de-saude-mas-banco-nao-apresenta-avancos\/\" class=\"_self pt-cv-href-thumbnail pt-cv-thumb-default\" target=\"_self\" ><img loading=\"lazy\" decoding=\"async\" width=\"391\" height=\"251\" src=\"https:\/\/sjcbancarios.com.br\/site\/wp-content\/uploads\/2025\/02\/plano-de-saude-aposentados-itau.jpg\" class=\"pt-cv-thumbnail\" alt=\"\" srcset=\"https:\/\/sjcbancarios.com.br\/site\/wp-content\/uploads\/2025\/02\/plano-de-saude-aposentados-itau.jpg 391w, https:\/\/sjcbancarios.com.br\/site\/wp-content\/uploads\/2025\/02\/plano-de-saude-aposentados-itau-24x15.jpg 24w, https:\/\/sjcbancarios.com.br\/site\/wp-content\/uploads\/2025\/02\/plano-de-saude-aposentados-itau-36x23.jpg 36w, https:\/\/sjcbancarios.com.br\/site\/wp-content\/uploads\/2025\/02\/plano-de-saude-aposentados-itau-48x31.jpg 48w\" sizes=\"(max-width: 391px) 100vw, 391px\" \/><\/a>\n<p class=\"pt-cv-title\"><a href=\"https:\/\/sjcbancarios.com.br\/site\/bancos\/itau\/coe-itau-se-reune-para-discutir-plano-de-saude-mas-banco-nao-apresenta-avancos\/\" class=\"_self\" target=\"_self\" >COE Ita\u00fa se re\u00fane para discutir plano de sa\u00fade, mas banco n\u00e3o apresenta avan\u00e7os.<\/a><\/p><\/div><\/div>\n<div class=\"col-md-3 col-sm-6 col-xs-6 pt-cv-content-item pt-cv-1-col\" ><div class='pt-cv-ifield'><a href=\"https:\/\/sjcbancarios.com.br\/site\/bancos\/itau\/bancarios-aprovam-acordo-coletivo-do-banco-itau-que-regulamenta-novas-normas-de-teletrabalho-e-jornada-de-trabalho\/\" class=\"_self pt-cv-href-thumbnail pt-cv-thumb-default\" target=\"_self\" ><img loading=\"lazy\" decoding=\"async\" width=\"480\" height=\"340\" src=\"https:\/\/sjcbancarios.com.br\/site\/wp-content\/uploads\/2020\/12\/acordo-itau-aprovado-480x340.jpeg\" class=\"pt-cv-thumbnail\" alt=\"\" srcset=\"https:\/\/sjcbancarios.com.br\/site\/wp-content\/uploads\/2020\/12\/acordo-itau-aprovado-480x340.jpeg 480w, https:\/\/sjcbancarios.com.br\/site\/wp-content\/uploads\/2020\/12\/acordo-itau-aprovado-400x284.jpeg 400w, https:\/\/sjcbancarios.com.br\/site\/wp-content\/uploads\/2020\/12\/acordo-itau-aprovado-24x18.jpeg 24w, https:\/\/sjcbancarios.com.br\/site\/wp-content\/uploads\/2020\/12\/acordo-itau-aprovado-36x27.jpeg 36w\" sizes=\"(max-width: 480px) 100vw, 480px\" \/><\/a>\n<p class=\"pt-cv-title\"><a href=\"https:\/\/sjcbancarios.com.br\/site\/bancos\/itau\/bancarios-aprovam-acordo-coletivo-do-banco-itau-que-regulamenta-novas-normas-de-teletrabalho-e-jornada-de-trabalho\/\" class=\"_self\" target=\"_self\" >Banc\u00e1rios aprovam acordo coletivo do Banco Ita\u00fa, que regulamenta novas normas de teletrabalho e jornada de trabalho.<\/a><\/p><\/div><\/div>\n<div class=\"col-md-3 col-sm-6 col-xs-6 pt-cv-content-item pt-cv-1-col\" ><div class='pt-cv-ifield'><a href=\"https:\/\/sjcbancarios.com.br\/site\/bancos\/itau\/proposta-de-acordo-itau-traz-varios-avancos-assembleia-virtual-e-nesta-sexta-dia-27\/\" class=\"_self pt-cv-href-thumbnail pt-cv-thumb-default\" target=\"_self\" ><img loading=\"lazy\" decoding=\"async\" width=\"480\" height=\"340\" src=\"https:\/\/sjcbancarios.com.br\/site\/wp-content\/uploads\/2024\/12\/assembleia-itau-virtual-480x340.jpg\" class=\"pt-cv-thumbnail\" alt=\"\" srcset=\"https:\/\/sjcbancarios.com.br\/site\/wp-content\/uploads\/2024\/12\/assembleia-itau-virtual-480x340.jpg 480w, https:\/\/sjcbancarios.com.br\/site\/wp-content\/uploads\/2024\/12\/assembleia-itau-virtual-400x284.jpg 400w\" sizes=\"(max-width: 480px) 100vw, 480px\" \/><\/a>\n<p class=\"pt-cv-title\"><a href=\"https:\/\/sjcbancarios.com.br\/site\/bancos\/itau\/proposta-de-acordo-itau-traz-varios-avancos-assembleia-virtual-e-nesta-sexta-dia-27\/\" class=\"_self\" target=\"_self\" >Proposta de acordo Ita\u00fa traz v\u00e1rios avan\u00e7os; Assembleia virtual \u00e9 nesta sexta, dia 27.<\/a><\/p><\/div><\/div>\n<div class=\"col-md-3 col-sm-6 col-xs-6 pt-cv-content-item pt-cv-1-col\" ><div class='pt-cv-ifield'><a href=\"https:\/\/sjcbancarios.com.br\/site\/bancos\/itau\/bancarios-do-itau-vao-receber-plr-e-pcr-no-dia-20-de-setembro\/\" class=\"_self pt-cv-href-thumbnail pt-cv-thumb-default\" target=\"_self\" ><img loading=\"lazy\" decoding=\"async\" width=\"480\" height=\"340\" src=\"https:\/\/sjcbancarios.com.br\/site\/wp-content\/uploads\/2020\/09\/itau-plr-480x340.jpg\" class=\"pt-cv-thumbnail\" alt=\"\" srcset=\"https:\/\/sjcbancarios.com.br\/site\/wp-content\/uploads\/2020\/09\/itau-plr-480x340.jpg 480w, https:\/\/sjcbancarios.com.br\/site\/wp-content\/uploads\/2020\/09\/itau-plr-400x284.jpg 400w\" sizes=\"(max-width: 480px) 100vw, 480px\" \/><\/a>\n<p class=\"pt-cv-title\"><a href=\"https:\/\/sjcbancarios.com.br\/site\/bancos\/itau\/bancarios-do-itau-vao-receber-plr-e-pcr-no-dia-20-de-setembro\/\" class=\"_self\" target=\"_self\" >Banc\u00e1rios do Ita\u00fa v\u00e3o receber PLR e PCR no dia 20 de setembro.<\/a><\/p><\/div><\/div>\n<div class=\"col-md-3 col-sm-6 col-xs-6 pt-cv-content-item pt-cv-1-col\" ><div class='pt-cv-ifield'><a href=\"https:\/\/sjcbancarios.com.br\/site\/bancos\/itau\/itau-representantes-dos-trabalhadores-conquistaram-a-suspensao-das-advertencias-emitidas-ate-o-momento\/\" class=\"_self pt-cv-href-thumbnail pt-cv-thumb-default\" target=\"_self\" ><img loading=\"lazy\" decoding=\"async\" width=\"480\" height=\"340\" src=\"https:\/\/sjcbancarios.com.br\/site\/wp-content\/uploads\/2021\/05\/itau-negocia-com-coe-480x340.jpg\" class=\"pt-cv-thumbnail\" alt=\"\" srcset=\"https:\/\/sjcbancarios.com.br\/site\/wp-content\/uploads\/2021\/05\/itau-negocia-com-coe-480x340.jpg 480w, https:\/\/sjcbancarios.com.br\/site\/wp-content\/uploads\/2021\/05\/itau-negocia-com-coe-400x284.jpg 400w, https:\/\/sjcbancarios.com.br\/site\/wp-content\/uploads\/2021\/05\/itau-negocia-com-coe-24x16.jpg 24w, https:\/\/sjcbancarios.com.br\/site\/wp-content\/uploads\/2021\/05\/itau-negocia-com-coe-36x25.jpg 36w, https:\/\/sjcbancarios.com.br\/site\/wp-content\/uploads\/2021\/05\/itau-negocia-com-coe-48x33.jpg 48w\" sizes=\"(max-width: 480px) 100vw, 480px\" \/><\/a>\n<p class=\"pt-cv-title\"><a href=\"https:\/\/sjcbancarios.com.br\/site\/bancos\/itau\/itau-representantes-dos-trabalhadores-conquistaram-a-suspensao-das-advertencias-emitidas-ate-o-momento\/\" class=\"_self\" target=\"_self\" >Ita\u00fa &#8211; Representantes dos trabalhadores conquistaram a suspens\u00e3o das advert\u00eancias emitidas at\u00e9 o momento.<\/a><\/p><\/div><\/div>\n<div class=\"col-md-3 col-sm-6 col-xs-6 pt-cv-content-item pt-cv-1-col\" ><div class='pt-cv-ifield'><a href=\"https:\/\/sjcbancarios.com.br\/site\/bancos\/santander\/atencao-bancarios-desligados-dos-bancos-itau-e-santander\/\" class=\"_self pt-cv-href-thumbnail pt-cv-thumb-default\" target=\"_self\" ><img loading=\"lazy\" decoding=\"async\" width=\"480\" height=\"340\" src=\"https:\/\/sjcbancarios.com.br\/site\/wp-content\/uploads\/2024\/07\/acordo-itau-santander-480x340.jpeg\" class=\"pt-cv-thumbnail\" alt=\"\" srcset=\"https:\/\/sjcbancarios.com.br\/site\/wp-content\/uploads\/2024\/07\/acordo-itau-santander-480x340.jpeg 480w, https:\/\/sjcbancarios.com.br\/site\/wp-content\/uploads\/2024\/07\/acordo-itau-santander-400x284.jpeg 400w\" sizes=\"(max-width: 480px) 100vw, 480px\" \/><\/a>\n<p class=\"pt-cv-title\"><a href=\"https:\/\/sjcbancarios.com.br\/site\/bancos\/santander\/atencao-bancarios-desligados-dos-bancos-itau-e-santander\/\" class=\"_self\" target=\"_self\" >Aten\u00e7\u00e3o &#8211; Banc\u00e1rios desligados dos Bancos Ita\u00fa e Santander!<\/a><\/p><\/div><\/div>\n<div class=\"col-md-3 col-sm-6 col-xs-6 pt-cv-content-item pt-cv-1-col\" ><div class='pt-cv-ifield'><a href=\"https:\/\/sjcbancarios.com.br\/site\/bancos\/itau\/itau-procura-bancarios-adoecidos-para-acordo-de-desligamento-procure-o-departamento-juridico\/\" class=\"_self pt-cv-href-thumbnail pt-cv-thumb-default\" target=\"_self\" ><img loading=\"lazy\" decoding=\"async\" width=\"480\" height=\"340\" src=\"https:\/\/sjcbancarios.com.br\/site\/wp-content\/uploads\/2024\/07\/itau-acordo-com-adoecidos-480x340.jpg\" class=\"pt-cv-thumbnail\" alt=\"\" srcset=\"https:\/\/sjcbancarios.com.br\/site\/wp-content\/uploads\/2024\/07\/itau-acordo-com-adoecidos-480x340.jpg 480w, https:\/\/sjcbancarios.com.br\/site\/wp-content\/uploads\/2024\/07\/itau-acordo-com-adoecidos-400x284.jpg 400w\" sizes=\"(max-width: 480px) 100vw, 480px\" \/><\/a>\n<p class=\"pt-cv-title\"><a href=\"https:\/\/sjcbancarios.com.br\/site\/bancos\/itau\/itau-procura-bancarios-adoecidos-para-acordo-de-desligamento-procure-o-departamento-juridico\/\" class=\"_self\" target=\"_self\" >Ita\u00fa procura banc\u00e1rios adoecidos para acordo de desligamento. Procure o departamento jur\u00eddico!<\/a><\/p><\/div><\/div>\n<div class=\"col-md-3 col-sm-6 col-xs-6 pt-cv-content-item pt-cv-1-col\" ><div class='pt-cv-ifield'><a href=\"https:\/\/sjcbancarios.com.br\/site\/bancos\/itau\/itau-coe-entrega-minuta-de-reivindicacoes-especifica\/\" class=\"_self pt-cv-href-thumbnail pt-cv-thumb-default\" target=\"_self\" ><img loading=\"lazy\" decoding=\"async\" width=\"480\" height=\"340\" src=\"https:\/\/sjcbancarios.com.br\/site\/wp-content\/uploads\/2021\/05\/itau-negocia-com-coe-480x340.jpg\" class=\"pt-cv-thumbnail\" alt=\"\" srcset=\"https:\/\/sjcbancarios.com.br\/site\/wp-content\/uploads\/2021\/05\/itau-negocia-com-coe-480x340.jpg 480w, https:\/\/sjcbancarios.com.br\/site\/wp-content\/uploads\/2021\/05\/itau-negocia-com-coe-400x284.jpg 400w, https:\/\/sjcbancarios.com.br\/site\/wp-content\/uploads\/2021\/05\/itau-negocia-com-coe-24x16.jpg 24w, https:\/\/sjcbancarios.com.br\/site\/wp-content\/uploads\/2021\/05\/itau-negocia-com-coe-36x25.jpg 36w, https:\/\/sjcbancarios.com.br\/site\/wp-content\/uploads\/2021\/05\/itau-negocia-com-coe-48x33.jpg 48w\" sizes=\"(max-width: 480px) 100vw, 480px\" \/><\/a>\n<p class=\"pt-cv-title\"><a href=\"https:\/\/sjcbancarios.com.br\/site\/bancos\/itau\/itau-coe-entrega-minuta-de-reivindicacoes-especifica\/\" class=\"_self\" target=\"_self\" >Ita\u00fa &#8211; COE entrega minuta de reivindica\u00e7\u00f5es espec\u00edfica.<\/a><\/p><\/div><\/div>\n<div class=\"col-md-3 col-sm-6 col-xs-6 pt-cv-content-item pt-cv-1-col\" ><div class='pt-cv-ifield'><a href=\"https:\/\/sjcbancarios.com.br\/site\/bancos\/itau\/apos-denuncias-de-assedio-moral-o-sindicato-paralisa-agencia-do-itau\/\" class=\"_self pt-cv-href-thumbnail pt-cv-thumb-default\" target=\"_self\" ><img loading=\"lazy\" decoding=\"async\" width=\"480\" height=\"340\" src=\"https:\/\/sjcbancarios.com.br\/site\/wp-content\/uploads\/2024\/06\/paralisacao-itau-personalite-1-480x340.jpeg\" class=\"pt-cv-thumbnail\" alt=\"\" srcset=\"https:\/\/sjcbancarios.com.br\/site\/wp-content\/uploads\/2024\/06\/paralisacao-itau-personalite-1-480x340.jpeg 480w, https:\/\/sjcbancarios.com.br\/site\/wp-content\/uploads\/2024\/06\/paralisacao-itau-personalite-1-400x284.jpeg 400w\" sizes=\"(max-width: 480px) 100vw, 480px\" \/><\/a>\n<p class=\"pt-cv-title\"><a href=\"https:\/\/sjcbancarios.com.br\/site\/bancos\/itau\/apos-denuncias-de-assedio-moral-o-sindicato-paralisa-agencia-do-itau\/\" class=\"_self\" target=\"_self\" >Ap\u00f3s den\u00fancias de ass\u00e9dio moral, o Sindicato retarda abertura de ag\u00eancia do Ita\u00fa Personalit\u00e9.<\/a><\/p><\/div><\/div>\n<div class=\"col-md-3 col-sm-6 col-xs-6 pt-cv-content-item pt-cv-1-col\" ><div class='pt-cv-ifield'><a href=\"https:\/\/sjcbancarios.com.br\/site\/bancos\/itau\/banco-itau-edital-de-convocacao-assembleia-geral-extraordinaria-especifica\/\" class=\"_self pt-cv-href-thumbnail pt-cv-thumb-default\" target=\"_self\" ><img loading=\"lazy\" decoding=\"async\" width=\"480\" height=\"340\" src=\"https:\/\/sjcbancarios.com.br\/site\/wp-content\/uploads\/2021\/10\/edital-de-assembleia-2-480x340.jpeg\" class=\"pt-cv-thumbnail\" alt=\"\" srcset=\"https:\/\/sjcbancarios.com.br\/site\/wp-content\/uploads\/2021\/10\/edital-de-assembleia-2-480x340.jpeg 480w, https:\/\/sjcbancarios.com.br\/site\/wp-content\/uploads\/2021\/10\/edital-de-assembleia-2-400x284.jpeg 400w\" sizes=\"(max-width: 480px) 100vw, 480px\" \/><\/a>\n<p class=\"pt-cv-title\"><a href=\"https:\/\/sjcbancarios.com.br\/site\/bancos\/itau\/banco-itau-edital-de-convocacao-assembleia-geral-extraordinaria-especifica\/\" class=\"_self\" target=\"_self\" >Banco Ita\u00fa &#8211; Aprecia\u00e7\u00e3o e delibera\u00e7\u00e3o sobre a proposta de ACT de Banco de Horas, ter\u00e7a-feira, dia 11. Vote!<\/a><\/p><\/div><\/div><\/div><\/div><\/div>\n","protected":false},"excerpt":{"rendered":"","protected":false},"author":1,"featured_media":430,"comment_status":"closed","ping_status":"closed","sticky":false,"template":"","format":"standard","meta":{"_et_pb_use_builder":"","_et_pb_old_content":"","_et_gb_content_width":"","footnotes":""},"categories":[2],"tags":[],"class_list":["post-885","post","type-post","status-publish","format-standard","has-post-thumbnail","hentry","category-bancos"],"_links":{"self":[{"href":"https:\/\/sjcbancarios.com.br\/site\/wp-json\/wp\/v2\/posts\/885","targetHints":{"allow":["GET"]}}],"collection":[{"href":"https:\/\/sjcbancarios.com.br\/site\/wp-json\/wp\/v2\/posts"}],"about":[{"href":"https:\/\/sjcbancarios.com.br\/site\/wp-json\/wp\/v2\/types\/post"}],"author":[{"embeddable":true,"href":"https:\/\/sjcbancarios.com.br\/site\/wp-json\/wp\/v2\/users\/1"}],"replies":[{"embeddable":true,"href":"https:\/\/sjcbancarios.com.br\/site\/wp-json\/wp\/v2\/comments?post=885"}],"version-history":[{"count":0,"href":"https:\/\/sjcbancarios.com.br\/site\/wp-json\/wp\/v2\/posts\/885\/revisions"}],"wp:featuredmedia":[{"embeddable":true,"href":"https:\/\/sjcbancarios.com.br\/site\/wp-json\/wp\/v2\/media\/430"}],"wp:attachment":[{"href":"https:\/\/sjcbancarios.com.br\/site\/wp-json\/wp\/v2\/media?parent=885"}],"wp:term":[{"taxonomy":"category","embeddable":true,"href":"https:\/\/sjcbancarios.com.br\/site\/wp-json\/wp\/v2\/categories?post=885"},{"taxonomy":"post_tag","embeddable":true,"href":"https:\/\/sjcbancarios.com.br\/site\/wp-json\/wp\/v2\/tags?post=885"}],"curies":[{"name":"wp","href":"https:\/\/api.w.org\/{rel}","templated":true}]}}