{"id":8782,"date":"2019-02-27T16:46:21","date_gmt":"2019-02-27T19:46:21","guid":{"rendered":"http:\/\/sjcbancarios.com.br\/site\/?p=8782"},"modified":"2019-02-27T16:46:21","modified_gmt":"2019-02-27T19:46:21","slug":"desemprego-avanca-26-no-trimestre-e-brasil-registra-127-milhoes-de-pessoas-sem-ocupacao","status":"publish","type":"post","link":"https:\/\/sjcbancarios.com.br\/site\/noticias\/desemprego-avanca-26-no-trimestre-e-brasil-registra-127-milhoes-de-pessoas-sem-ocupacao\/","title":{"rendered":"Desemprego avan\u00e7a 2,6% no trimestre e Brasil registra 12,7 milh\u00f5es de pessoas sem ocupa\u00e7\u00e3o"},"content":{"rendered":"<p style=\"text-align: justify;\">Popula\u00e7\u00e3o fora da for\u00e7a de trabalho aumentou em 403 mil pessoas, somando 65,5 milh\u00f5es no trimestre fechado em janeiro. \u201cA informalidade aumenta ainda mais, com influ\u00eancia do crescimento dos trabalhadores por conta pr\u00f3pria\u201d, disse coordenador de Trabalho e Rendimento do IBGE.<\/p>\n<p style=\"text-align: justify;\">Dados do Instituto Brasileiro de Geografia e Estat\u00edstica (IBGE) divulgados na manh\u00e3 desta quarta-feira (25) informam que o desemprego continua crescendo no Brasil, que j\u00e1 registra 12,7 milh\u00f5es de pessoas sem ocupa\u00e7\u00e3o.<\/p>\n<p style=\"text-align: justify;\">Segundo dados do IBGE, a taxa de desemprego no pa\u00eds avan\u00e7ou para 12% no trimestre encerrado em janeiro, contra os 11,7% dos tr\u00eas meses anteriores, encerrados em outubro.<\/p>\n<p style=\"text-align: justify;\">\u201cCom a entrada do m\u00eas de janeiro, houve um aumento da taxa de desocupa\u00e7\u00e3o. \u00c9 algo sazonal, \u00e9 comum a taxa aumentar nessa \u00e9poca do ano por causa da diminui\u00e7\u00e3o da ocupa\u00e7\u00e3o\u201d, explica o coordenador de Trabalho e Rendimento do IBGE, Cimar Azeredo.<\/p>\n<p style=\"text-align: justify;\">Apesar da sazonalidade, Cimar destaca que este trimestre fechado em janeiro foi menos favor\u00e1vel que os mesmos per\u00edodos de 2018 e 2017. \u201cAno passado houve estabilidade na popula\u00e7\u00e3o ocupada e na desocupada, enquanto, neste ano, cresceu o n\u00famero de desocupados\u201d, complementa.<\/p>\n<p style=\"text-align: justify;\">A categoria dos trabalhadores por conta pr\u00f3pria cresceu 1,2% na compara\u00e7\u00e3o com o trimestre anterior (23,9 milh\u00f5es de pessoas), o que significa um aumento de 291 mil pessoas neste contingente. Por outro lado, ca\u00edram os empregados do setor privado sem carteira assinada (-321 mil pessoas, de um total de 11,3 milh\u00f5es) e os trabalhadores do setor p\u00fablico ca\u00edram 1,8% (11,5 milh\u00f5es). Enquanto isso, os empregados do setor privado com carteira assinada permaneceram est\u00e1veis (32,9 milh\u00f5es), assim como os trabalhadores dom\u00e9sticos (6,2 milh\u00f5es).<\/p>\n<p style=\"text-align: justify;\">\u201cTivemos queda no contingente de empregados do setor privado e no setor p\u00fablico. No primeiro, isso atingiu, principalmente, os trabalhadores sem carteira assinada. Apesar disso, a informalidade aumenta ainda mais, com influ\u00eancia do crescimento dos trabalhadores por conta pr\u00f3pria\u201d, diz Cimar.<\/p>\n<p style=\"text-align: justify;\">Enquanto isso, o grupo de pessoas subocupadas por insufici\u00eancia de horas trabalhadas (6,8 milh\u00f5es) e na for\u00e7a de trabalho potencial (8 milh\u00f5es), assim como as desalentadas (4,7 milh\u00f5es), apresentaram estabilidade em rela\u00e7\u00e3o ao trimestre anterior. J\u00e1 a popula\u00e7\u00e3o fora da for\u00e7a de trabalho aumentou em 403 mil pessoas, somando 65,5 milh\u00f5es no trimestre fechado em janeiro.<\/p>\n<p style=\"text-align: justify;\">Quanto \u00e0s atividades, houve redu\u00e7\u00e3o em Agricultura, pecu\u00e1ria, produ\u00e7\u00e3o florestal, pesca e aquicultura (queda de 2,2%, ou 192 mil pessoas), Ind\u00fastria (2,9%, ou menos 345 mil) e outros servi\u00e7os (2,8%, ou menos 139 mil). Por outro lado, houve aumento no grupo Transporte, armazenagem e correio (2,8%, ou mais 129 mil pessoas).<\/p>\n<p style=\"text-align: justify;\"><strong>Rendimentos m\u00e9dios dos trabalhadores<br \/>\n<\/strong>J\u00e1 o rendimento m\u00e9dio real habitualmente recebido em todos os trabalhos pelas pessoas ocupadas foi estimado em R$ 2.270, o que representou crescimento de 1,4% em rela\u00e7\u00e3o ao trimestre anterior, quando esse valor era de R$ 2.240.<\/p>\n<p style=\"text-align: justify;\">\u201cHouve aumento significativo no rendimento, mas esse aumento n\u00e3o se traduz em aumento na massa de rendimento, de R$ 205 bilh\u00f5es, que se manteve est\u00e1vel, porque tamb\u00e9m houve queda na popula\u00e7\u00e3o ocupada. Isso pode ter sido causado por uma queda na ocupa\u00e7\u00e3o justamente entre os trabalhadores de remunera\u00e7\u00e3o mais baixa, o que justificaria isso\u201d, conclui Cimar.<\/p>\n<p style=\"text-align: justify;\">Fonte: Revista F\u00f3rum \/ CONTEC<\/p>\n","protected":false},"excerpt":{"rendered":"<p class=\"excerpt\">Popula\u00e7\u00e3o fora da for\u00e7a de trabalho aumentou em 403 mil pessoas, somando 65,5 milh\u00f5es no trimestre fechado em janeiro. \u201cA informalidade aumenta ainda mais, com influ\u00eancia do crescimento dos trabalhadores por conta pr\u00f3pria\u201d, disse coordenador de Trabalho e Rendimento do IBGE. Dados do Instituto Brasileiro de Geografia e Estat\u00edstica (IBGE) divulgados na manh\u00e3 desta quarta-feira [&hellip;]<\/p>\n","protected":false},"author":2,"featured_media":8783,"comment_status":"closed","ping_status":"closed","sticky":false,"template":"","format":"standard","meta":{"_et_pb_use_builder":"","_et_pb_old_content":"","_et_gb_content_width":"","footnotes":""},"categories":[13],"tags":[],"class_list":["post-8782","post","type-post","status-publish","format-standard","has-post-thumbnail","hentry","category-noticias"],"_links":{"self":[{"href":"https:\/\/sjcbancarios.com.br\/site\/wp-json\/wp\/v2\/posts\/8782","targetHints":{"allow":["GET"]}}],"collection":[{"href":"https:\/\/sjcbancarios.com.br\/site\/wp-json\/wp\/v2\/posts"}],"about":[{"href":"https:\/\/sjcbancarios.com.br\/site\/wp-json\/wp\/v2\/types\/post"}],"author":[{"embeddable":true,"href":"https:\/\/sjcbancarios.com.br\/site\/wp-json\/wp\/v2\/users\/2"}],"replies":[{"embeddable":true,"href":"https:\/\/sjcbancarios.com.br\/site\/wp-json\/wp\/v2\/comments?post=8782"}],"version-history":[{"count":0,"href":"https:\/\/sjcbancarios.com.br\/site\/wp-json\/wp\/v2\/posts\/8782\/revisions"}],"wp:featuredmedia":[{"embeddable":true,"href":"https:\/\/sjcbancarios.com.br\/site\/wp-json\/wp\/v2\/media\/8783"}],"wp:attachment":[{"href":"https:\/\/sjcbancarios.com.br\/site\/wp-json\/wp\/v2\/media?parent=8782"}],"wp:term":[{"taxonomy":"category","embeddable":true,"href":"https:\/\/sjcbancarios.com.br\/site\/wp-json\/wp\/v2\/categories?post=8782"},{"taxonomy":"post_tag","embeddable":true,"href":"https:\/\/sjcbancarios.com.br\/site\/wp-json\/wp\/v2\/tags?post=8782"}],"curies":[{"name":"wp","href":"https:\/\/api.w.org\/{rel}","templated":true}]}}