{"id":8776,"date":"2019-02-27T16:40:30","date_gmt":"2019-02-27T19:40:30","guid":{"rendered":"http:\/\/sjcbancarios.com.br\/site\/?p=8776"},"modified":"2019-02-27T16:40:30","modified_gmt":"2019-02-27T19:40:30","slug":"por-que-so-os-bancos-ganham-com-a-pec-da-previdencia","status":"publish","type":"post","link":"https:\/\/sjcbancarios.com.br\/site\/noticias\/por-que-so-os-bancos-ganham-com-a-pec-da-previdencia\/","title":{"rendered":"Por que s\u00f3 os bancos ganham com a PEC da Previd\u00eancia"},"content":{"rendered":"<p style=\"text-align: justify;\">A coordenadora de pesquisas do Departamento Intersindical de Estat\u00edsticas e Estudos Socioecon\u00f4micos (Dieese), Patr\u00edcia Pelatieri (foto), analisou todos os pontos da Proposta de Emenda \u00e0 Constitui\u00e7\u00e3o (PEC) 6\/19, que altera o sistema previdenci\u00e1rio brasileiro. A elabora\u00e7\u00e3o da proposta foi supervisionada pelo ministro da Economia, Paulo Guedes, defensor da pol\u00edtica neoliberal e favor\u00e1vel \u00e0 atua\u00e7\u00e3o dos bancos e empresas privadas com a menor regulamenta\u00e7\u00e3o estatal poss\u00edvel.<\/p>\n<p style=\"text-align: justify;\">Pelatieri considera que a proposta de Guedes e Bolsonaro representa mudan\u00e7a muito mais radical que a reforma discutida no governo Michel Temer (MDB) \u2014 que j\u00e1 era vista com bons olhos pelo mercado financeiro.<\/p>\n<p style=\"text-align: justify;\">\u201c\u00c9 uma reforma estrutural, porque introduz a possibilidade da cria\u00e7\u00e3o de um sistema de capitaliza\u00e7\u00e3o individual. Ela introduz isso nos dispositivos constitucionais e joga para uma regulamenta\u00e7\u00e3o via projeto de lei. Isso \u00e9 bastante grave, uma vez que a Constitui\u00e7\u00e3o de 1988 tem um cap\u00edtulo inteiro, que \u00e9 o cap\u00edtulo terceiro, que trata da constru\u00e7\u00e3o da pol\u00edtica de prote\u00e7\u00e3o social. Ou seja, \u00e9 o cap\u00edtulo da Seguridade Social: um trip\u00e9 com Previd\u00eancia, Sa\u00fade e Assist\u00eancia Social\u201d, ressalta Patr\u00edcia, em entrevista ao portal Brasil de Fato.<\/p>\n<p style=\"text-align: justify;\">\u201cEnt\u00e3o, significa caminhar para o fim deste sistema de prote\u00e7\u00e3o e jogar para a individualidade: o indiv\u00edduo que tiver a capacidade contributiva vai fazer a sua poupan\u00e7a para a velhice, com uma s\u00e9rie de riscos. E a\u00ed, a gente tem v\u00e1rios exemplos para citar do sistema de capitaliza\u00e7\u00e3o individual e que n\u00e3o deram certo. N\u00e3o foi s\u00f3 no Chile\u201d, destaca. \u201cH\u00e1 v\u00e1rios pa\u00edses que fizeram essa transi\u00e7\u00e3o sem seguran\u00e7a nenhuma. Voc\u00ea privatiza um fundo p\u00fablico bilion\u00e1rio e coloca nas m\u00e3os do sistema financeiro para gerenciar da forma como eles bem entenderem\u201d, enfatiza Pelatieri.<\/p>\n<p style=\"text-align: justify;\">A pesquisadora alerta que o sistema todo est\u00e1 em risco ao se introduzir a possibilidade da quebra de um pacto entre gera\u00e7\u00f5es. \u201cOu seja, quem est\u00e1 na ativa hoje sustenta quem est\u00e1 aposentado. Quem \u00e9 que vai sustentar esses milh\u00f5es de trabalhadores e trabalhadoras que est\u00e3o hoje aposentados? Tamb\u00e9m quem vai se aposentar no futuro, se esse sistema for substitu\u00eddo pelo sistema de capitaliza\u00e7\u00e3o, como \u00e9 o desejo do ministro Paulo Guedes?\u201d<\/p>\n<p style=\"text-align: justify;\">E conclui: \u201cOs grandes favorecidos s\u00e3o os bancos, que v\u00e3o colocar a m\u00e3o por d\u00e9cadas nesse fundo bilion\u00e1rio. No Chile, as seis institui\u00e7\u00f5es que fizeram o modelo de capitaliza\u00e7\u00e3o lucraram bilh\u00f5es, enquanto a aposentadoria dos trabalhadores ficou muito abaixo do esperado\u201d.<\/p>\n<p style=\"text-align: justify;\">Fonte: Diap \/ CONTEC<\/p>\n","protected":false},"excerpt":{"rendered":"<p class=\"excerpt\">A coordenadora de pesquisas do Departamento Intersindical de Estat\u00edsticas e Estudos Socioecon\u00f4micos (Dieese), Patr\u00edcia Pelatieri (foto), analisou todos os pontos da Proposta de Emenda \u00e0 Constitui\u00e7\u00e3o (PEC) 6\/19, que altera o sistema previdenci\u00e1rio brasileiro. A elabora\u00e7\u00e3o da proposta foi supervisionada pelo ministro da Economia, Paulo Guedes, defensor da pol\u00edtica neoliberal e favor\u00e1vel \u00e0 atua\u00e7\u00e3o dos [&hellip;]<\/p>\n","protected":false},"author":2,"featured_media":8777,"comment_status":"closed","ping_status":"closed","sticky":false,"template":"","format":"standard","meta":{"_et_pb_use_builder":"","_et_pb_old_content":"","_et_gb_content_width":"","footnotes":""},"categories":[13],"tags":[],"class_list":["post-8776","post","type-post","status-publish","format-standard","has-post-thumbnail","hentry","category-noticias"],"_links":{"self":[{"href":"https:\/\/sjcbancarios.com.br\/site\/wp-json\/wp\/v2\/posts\/8776","targetHints":{"allow":["GET"]}}],"collection":[{"href":"https:\/\/sjcbancarios.com.br\/site\/wp-json\/wp\/v2\/posts"}],"about":[{"href":"https:\/\/sjcbancarios.com.br\/site\/wp-json\/wp\/v2\/types\/post"}],"author":[{"embeddable":true,"href":"https:\/\/sjcbancarios.com.br\/site\/wp-json\/wp\/v2\/users\/2"}],"replies":[{"embeddable":true,"href":"https:\/\/sjcbancarios.com.br\/site\/wp-json\/wp\/v2\/comments?post=8776"}],"version-history":[{"count":0,"href":"https:\/\/sjcbancarios.com.br\/site\/wp-json\/wp\/v2\/posts\/8776\/revisions"}],"wp:featuredmedia":[{"embeddable":true,"href":"https:\/\/sjcbancarios.com.br\/site\/wp-json\/wp\/v2\/media\/8777"}],"wp:attachment":[{"href":"https:\/\/sjcbancarios.com.br\/site\/wp-json\/wp\/v2\/media?parent=8776"}],"wp:term":[{"taxonomy":"category","embeddable":true,"href":"https:\/\/sjcbancarios.com.br\/site\/wp-json\/wp\/v2\/categories?post=8776"},{"taxonomy":"post_tag","embeddable":true,"href":"https:\/\/sjcbancarios.com.br\/site\/wp-json\/wp\/v2\/tags?post=8776"}],"curies":[{"name":"wp","href":"https:\/\/api.w.org\/{rel}","templated":true}]}}