{"id":8470,"date":"2019-01-18T10:52:23","date_gmt":"2019-01-18T12:52:23","guid":{"rendered":"http:\/\/sjcbancarios.com.br\/site\/?p=8470"},"modified":"2019-01-18T10:52:23","modified_gmt":"2019-01-18T12:52:23","slug":"paulo-guedes-dara-detalhes-da-reforma-da-previdencia-em-davos","status":"publish","type":"post","link":"https:\/\/sjcbancarios.com.br\/site\/noticias\/paulo-guedes-dara-detalhes-da-reforma-da-previdencia-em-davos\/","title":{"rendered":"Paulo Guedes dar\u00e1 detalhes da Reforma da Previd\u00eancia em Davos"},"content":{"rendered":"<p style=\"text-align: justify;\">O ministro da Economia, Paulo Guedes, detalhar\u00e1 a reforma da Previd\u00eancia que o governo pretende fazer a investidores, pol\u00edticos e empres\u00e1rios na reuni\u00e3o do F\u00f3rum Econ\u00f4mico Mundial em Davos (Su\u00ed\u00e7a), na pr\u00f3xima semana. O texto da reforma ainda n\u00e3o est\u00e1 fechado, mas dever\u00e1 ser apresentado ao presidente Jair Bolsonaro antes de ele viajar para participar do f\u00f3rum.<\/p>\n<p style=\"text-align: justify;\">De acordo com fontes da \u00e1rea econ\u00f4mica, a mensagem de Guedes no f\u00f3rum ser\u00e1 centrada em tr\u00eas pilares: al\u00e9m da reforma da Previd\u00eancia, as privatiza\u00e7\u00f5es e a reforma administrativa que est\u00e1 sendo feita pelo governo.<\/p>\n<p style=\"text-align: justify;\">Tamb\u00e9m ser\u00e3o apresentadas metas para os pr\u00f3ximos anos, como a de aumentar a corrente de com\u00e9rcio de 22% do PIB para 30% do PIB at\u00e9 2020. Para isso, o governo apresentar\u00e1 uma agenda de moderniza\u00e7\u00e3o da estrutura tarif\u00e1ria, com redu\u00e7\u00e3o das tarifas e de impostos e simplifica\u00e7\u00e3o para as empresas exportadoras.<\/p>\n<p style=\"text-align: justify;\">\u201cQueremos que a tarifa de importa\u00e7\u00e3o brasileira tenha queda acentuada, mas vamos ao mesmo tempo melhorar ambiente de neg\u00f3cios para empresas no Brasil\u201d, disse uma fonte da \u00e1rea econ\u00f4mica.<\/p>\n<p style=\"text-align: justify;\">A ideia da equipe de Guedes \u00e9 que a abertura seja feita ao mesmo tempo em que a carga tribut\u00e1ria seja reduzida. O governo planeja come\u00e7ar a acelerar a redu\u00e7\u00e3o da carga tribut\u00e1ria em 2020.<\/p>\n<p style=\"text-align: justify;\">Outra meta \u00e9 dobrar o porcentual que o Pa\u00eds investe em ci\u00eancia e tecnologia, hoje em 1% do PIB, nos quatro anos de governo. A ideia que Guedes passar\u00e1 \u00e9 que o governo quer reduzir o peso dos impostos para as empresas para sobrar espa\u00e7o para que elas fa\u00e7am esses investimentos.<\/p>\n<p style=\"text-align: justify;\">Parte da mensagem de Guedes \u00e9 explicar como est\u00e1 a economia brasileira e refor\u00e7ar que o governo quer fazer a li\u00e7\u00e3o de casa e \u201cigualar o jogo\u201d. \u201cDavos ser\u00e1 muito importante para a atualiza\u00e7\u00e3o da imagem do Brasil. Vamos deixar a vis\u00e3o de que n\u00e3o apenas estamos dispostos \u00e0 li\u00e7\u00e3o de casa, mas tamb\u00e9m \u00e0 constru\u00e7\u00e3o de uma economia moderna\u201d afirmou. \u201cOs Alpes su\u00ed\u00e7os tamb\u00e9m ouvir\u00e3o a mensagem de que queremos tirar o estado do cangote do brasileiro.\u201d<\/p>\n<p style=\"text-align: justify;\">Fonte: Estad\u00e3o \/ CONTEC<\/p>\n","protected":false},"excerpt":{"rendered":"<p class=\"excerpt\">O ministro da Economia, Paulo Guedes, detalhar\u00e1 a reforma da Previd\u00eancia que o governo pretende fazer a investidores, pol\u00edticos e empres\u00e1rios na reuni\u00e3o do F\u00f3rum Econ\u00f4mico Mundial em Davos (Su\u00ed\u00e7a), na pr\u00f3xima semana. O texto da reforma ainda n\u00e3o est\u00e1 fechado, mas dever\u00e1 ser apresentado ao presidente Jair Bolsonaro antes de ele viajar para participar [&hellip;]<\/p>\n","protected":false},"author":2,"featured_media":8471,"comment_status":"closed","ping_status":"closed","sticky":false,"template":"","format":"standard","meta":{"_et_pb_use_builder":"","_et_pb_old_content":"","_et_gb_content_width":"","footnotes":""},"categories":[13],"tags":[],"class_list":["post-8470","post","type-post","status-publish","format-standard","has-post-thumbnail","hentry","category-noticias"],"_links":{"self":[{"href":"https:\/\/sjcbancarios.com.br\/site\/wp-json\/wp\/v2\/posts\/8470","targetHints":{"allow":["GET"]}}],"collection":[{"href":"https:\/\/sjcbancarios.com.br\/site\/wp-json\/wp\/v2\/posts"}],"about":[{"href":"https:\/\/sjcbancarios.com.br\/site\/wp-json\/wp\/v2\/types\/post"}],"author":[{"embeddable":true,"href":"https:\/\/sjcbancarios.com.br\/site\/wp-json\/wp\/v2\/users\/2"}],"replies":[{"embeddable":true,"href":"https:\/\/sjcbancarios.com.br\/site\/wp-json\/wp\/v2\/comments?post=8470"}],"version-history":[{"count":0,"href":"https:\/\/sjcbancarios.com.br\/site\/wp-json\/wp\/v2\/posts\/8470\/revisions"}],"wp:featuredmedia":[{"embeddable":true,"href":"https:\/\/sjcbancarios.com.br\/site\/wp-json\/wp\/v2\/media\/8471"}],"wp:attachment":[{"href":"https:\/\/sjcbancarios.com.br\/site\/wp-json\/wp\/v2\/media?parent=8470"}],"wp:term":[{"taxonomy":"category","embeddable":true,"href":"https:\/\/sjcbancarios.com.br\/site\/wp-json\/wp\/v2\/categories?post=8470"},{"taxonomy":"post_tag","embeddable":true,"href":"https:\/\/sjcbancarios.com.br\/site\/wp-json\/wp\/v2\/tags?post=8470"}],"curies":[{"name":"wp","href":"https:\/\/api.w.org\/{rel}","templated":true}]}}