{"id":8420,"date":"2019-01-11T11:06:24","date_gmt":"2019-01-11T13:06:24","guid":{"rendered":"http:\/\/sjcbancarios.com.br\/site\/?p=8420"},"modified":"2019-01-11T11:06:24","modified_gmt":"2019-01-11T13:06:24","slug":"reduzir-encargos-trabalhistas-e-prioridade-diz-secretario-da-receita","status":"publish","type":"post","link":"https:\/\/sjcbancarios.com.br\/site\/noticias\/reduzir-encargos-trabalhistas-e-prioridade-diz-secretario-da-receita\/","title":{"rendered":"Reduzir encargos trabalhistas \u00e9 prioridade, diz secret\u00e1rio da Receita"},"content":{"rendered":"<p style=\"text-align: justify;\">\nO secret\u00e1rio especial da Receita Federal, Marcos Cintra, afirmou nesta quinta-feira (10\/1) estuda medidas para reduzir os encargos trabalhistas, incluindo a incid\u00eancia de tributos sobre a folha salarial de empregados. Ele citou o \u00edndice de 13 milh\u00f5es de desempregados para defender um est\u00edmulo fiscal para contrata\u00e7\u00f5es trabalhistas.<\/p>\n<p>\u201cA incid\u00eancia muito pesada de tributos sobre a folha de sal\u00e1rios \u00e9 uma primeira preocupa\u00e7\u00e3o que se coloca como um dos primeiros itens da nossa pauta. Estamos trabalhando muito nisso, como desonerar a folha de sal\u00e1rios, como reduzir os encargos trabalhistas e fazer com que a economia brasileira gere empregos\u201d, afirmou Cintra, ao sair de uma reuni\u00e3o com o ministro Augusto Nardes, do Tribunal de Contas da Uni\u00e3o (TCU). Eles conversaram sobre sistemas de governan\u00e7a na administra\u00e7\u00e3o p\u00fablica.<\/p>\n<p style=\"text-align: justify;\">Perguntado sobre a pouca efetividade que as desonera\u00e7\u00f5es tribut\u00e1rias tiveram na gera\u00e7\u00e3o de emprego em gest\u00f5es anteriores, Cintra ponderou que a proposta em an\u00e1lise \u00e9 diferente, mais ampla e abrangente. Segundo ele, tudo \u00e9 qiest\u00e3o de como as coisas s\u00e3o feitas. \u201cA desonera\u00e7\u00e3o das folhas de sal\u00e1rio aconteceu [nos governos anteriores] muito em cima de demandas espec\u00edficas, pontuais, mas queremos faz\u00ea-las de maneira geral, ampla, sist\u00eamica. Exatamente essas simula\u00e7\u00f5es que estamos tentando fazer.\u201d<\/p>\n<p>Para compensar eventuais perdas de arrecada\u00e7\u00e3o com a desonera\u00e7\u00e3o sobre a folha de sal\u00e1rios, Cintra disse que poderia haver uma \u201ctributa\u00e7\u00e3o adicional em outras bases\u201d, inclusive sobre tributos indiretos. Ele citou tamb\u00e9m o aumento da arrecada\u00e7\u00e3o com maior faturamento das empresas.<\/p>\n<p><strong>Sem CPMF<\/strong><br \/>\nQuestionado, Cintra descartou totalmente a hip\u00f3tese de resgatar a Contribui\u00e7\u00e3o Provis\u00f3ria sobre Movimenta\u00e7\u00e3o Financeira (CPMF).<br \/>\n\u201cA CPMF \u00e9 um tributo que tem uma caracter\u00edstica que n\u00f3s evitamos. O presidente j\u00e1 disse que n\u00e3o haver\u00e1 CPMF. \u00c9 um tributo que foi implantando de maneira equivocada, veio como um tributo a mais, para aumentar a carga tribut\u00e1ria. [Queremos] a racionaliza\u00e7\u00e3o do sistema tribut\u00e1rio e, tendo em vista o esfor\u00e7o de ajuste fiscal, a redu\u00e7\u00e3o da carga tribut\u00e1ria, e n\u00e3o o incremento dela\u201d, afirmou.<\/p>\n<p><strong>Al\u00edquotas do IR<\/strong><br \/>\nSobre a possibilidade de mexer na tabela do Imposto de Renda (IR), para reduzir o n\u00famero de al\u00edquotas incidentes no tributo, Marcos Cintra disse que o assunto est\u00e1 em pauta, mas que ser\u00e1 trabalhado com um prazo maior, j\u00e1 que a prioridade imediata da equipe econ\u00f4mica \u00e9 a reforma da Previd\u00eancia.<br \/>\n\u201cA reforma do Imposto de Renda est\u00e1 na nossa pauta, mas n\u00e3o \u00e9 ainda uma prioridade imediata. A prioridade do governo, hoje, \u00e9 trabalhar na reforma previdenci\u00e1ria, o que me d\u00e1, envidentemente, algum tempo para desenvolver um projeto que envolva n\u00e3o s\u00f3 Imposto de Renda, mas reforma tribut\u00e1ria como um todo. A Receita Federal est\u00e1 muito empenhada nisso\u201d, acrescentou.<\/p>\n<p>Fonte: CONTEC<\/p>\n","protected":false},"excerpt":{"rendered":"<p class=\"excerpt\">O secret\u00e1rio especial da Receita Federal, Marcos Cintra, afirmou nesta quinta-feira (10\/1) estuda medidas para reduzir os encargos trabalhistas, incluindo a incid\u00eancia de tributos sobre a folha salarial de empregados. Ele citou o \u00edndice de 13 milh\u00f5es de desempregados para defender um est\u00edmulo fiscal para contrata\u00e7\u00f5es trabalhistas. \u201cA incid\u00eancia muito pesada de tributos sobre a [&hellip;]<\/p>\n","protected":false},"author":2,"featured_media":8418,"comment_status":"closed","ping_status":"closed","sticky":false,"template":"","format":"standard","meta":{"_et_pb_use_builder":"","_et_pb_old_content":"","_et_gb_content_width":"","footnotes":""},"categories":[13],"tags":[],"class_list":["post-8420","post","type-post","status-publish","format-standard","has-post-thumbnail","hentry","category-noticias"],"_links":{"self":[{"href":"https:\/\/sjcbancarios.com.br\/site\/wp-json\/wp\/v2\/posts\/8420","targetHints":{"allow":["GET"]}}],"collection":[{"href":"https:\/\/sjcbancarios.com.br\/site\/wp-json\/wp\/v2\/posts"}],"about":[{"href":"https:\/\/sjcbancarios.com.br\/site\/wp-json\/wp\/v2\/types\/post"}],"author":[{"embeddable":true,"href":"https:\/\/sjcbancarios.com.br\/site\/wp-json\/wp\/v2\/users\/2"}],"replies":[{"embeddable":true,"href":"https:\/\/sjcbancarios.com.br\/site\/wp-json\/wp\/v2\/comments?post=8420"}],"version-history":[{"count":0,"href":"https:\/\/sjcbancarios.com.br\/site\/wp-json\/wp\/v2\/posts\/8420\/revisions"}],"wp:featuredmedia":[{"embeddable":true,"href":"https:\/\/sjcbancarios.com.br\/site\/wp-json\/wp\/v2\/media\/8418"}],"wp:attachment":[{"href":"https:\/\/sjcbancarios.com.br\/site\/wp-json\/wp\/v2\/media?parent=8420"}],"wp:term":[{"taxonomy":"category","embeddable":true,"href":"https:\/\/sjcbancarios.com.br\/site\/wp-json\/wp\/v2\/categories?post=8420"},{"taxonomy":"post_tag","embeddable":true,"href":"https:\/\/sjcbancarios.com.br\/site\/wp-json\/wp\/v2\/tags?post=8420"}],"curies":[{"name":"wp","href":"https:\/\/api.w.org\/{rel}","templated":true}]}}