{"id":8417,"date":"2019-01-11T11:03:29","date_gmt":"2019-01-11T13:03:29","guid":{"rendered":"http:\/\/sjcbancarios.com.br\/site\/?p=8417"},"modified":"2019-01-11T11:08:00","modified_gmt":"2019-01-11T13:08:00","slug":"reducao-do-ir-esta-na-pauta-mas-prioridade-e-a-reforma-da-previdencia-diz-secretario-da-receita","status":"publish","type":"post","link":"https:\/\/sjcbancarios.com.br\/site\/noticias\/reducao-do-ir-esta-na-pauta-mas-prioridade-e-a-reforma-da-previdencia-diz-secretario-da-receita\/","title":{"rendered":"Redu\u00e7\u00e3o do IR est\u00e1 na pauta, mas prioridade \u00e9 a reforma da Previd\u00eancia, diz Secret\u00e1rio da Receita"},"content":{"rendered":"<p style=\"text-align: justify;\">O secret\u00e1rio especial da Receita Federal, Marcos Cintra, confirmou nesta quinta-feira, 10, a inten\u00e7\u00e3o do governo em reduzir as al\u00edquotas do Imposto de Renda, mas afirmou que a prioridade no momento \u00e9 a aprova\u00e7\u00e3o da proposta de reforma da Previd\u00eancia. Segundo ele, a principal preocupa\u00e7\u00e3o da reforma tribut\u00e1ria que ser\u00e1 apresentada \u00e9 desonerar a folha de pagamento, por\u00e9m n\u00e3o deu detalhes sobre o mecanismo que ser\u00e1 usado para compensar a perda de arrecada\u00e7\u00e3o com a isen\u00e7\u00e3o da folha de sal\u00e1rios. Cintra voltou a negar que a recria\u00e7\u00e3o da CPMF seja uma das alternativas em estudo.<\/p>\n<p style=\"text-align: justify;\">\u201cA reforma do Imposto de Renda est\u00e1 na nossa pauta, mas n\u00e3o \u00e9 uma prioridade imediata. A prioridade para o governo \u00e9 a aprova\u00e7\u00e3o da reforma da Previd\u00eancia. Com isso, temos mais tempo para elaborar um projeto de reforma n\u00e3o s\u00f3 do IR, mas do sistema tribut\u00e1rio como um todo\u201d, disse Cintra ao chegar ao Tribunal de Contas da Uni\u00e3o (TCU) para reuni\u00e3o com o ministro Augusto Nardes.<\/p>\n<p style=\"text-align: justify;\">O secret\u00e1rio afirmou que a alta incid\u00eancia de tributos sobre a folha de pagamento \u00e9 a primeira preocupa\u00e7\u00e3o do atual governo. Questionado sobre a pouca efetividade de medida semelhante adotada durante o governo de Dilma Rousseff e parcialmente revertida pelo governo de Michel Temer, Cintra respondeu que a desonera\u00e7\u00e3o anterior foi feita de maneira \u201cdesestruturada\u201d. \u201cA desonera\u00e7\u00e3o da folha foi feita em cima de demandas setoriais, mas queremos faz\u00ea-la de forma sist\u00eamica, mais abrangente. J\u00e1 estamos rodando simula\u00e7\u00f5es\u201d, disse.<\/p>\n<p style=\"text-align: justify;\">Perguntado como o governo pretende compensar a perda de arrecada\u00e7\u00e3o decorrente dessa medida em um momento em que as contas p\u00fablicas seguem deficit\u00e1rias, Cintra negou que a recria\u00e7\u00e3o da CPMF seja uma das op\u00e7\u00f5es sobre a mesa. Ele destacou que o pr\u00f3prio presidente Jair Bolsonaro j\u00e1 disse que n\u00e3o haver\u00e1 um reedi\u00e7\u00e3o do chamado \u201cimposto do cheque\u201d.<\/p>\n<p style=\"text-align: justify;\">\u201cBuscamos a racionaliza\u00e7\u00e3o do sistema tribut\u00e1rio com a redu\u00e7\u00e3o da carga de impostos. Uma forma de compensa\u00e7\u00e3o pode vir pelo tributo sobre o faturamento das empresas. Tamb\u00e9m pode haver uma tributa\u00e7\u00e3o adicional sobre outras bases e tributos indiretos. A meta \u00e9 n\u00e3o aumentar a carga, mas, sim, aumentar os empregos\u201d, concluiu.<\/p>\n<p style=\"text-align: justify;\">Cintra disse que o encontro com Nardes \u00e9 sobre a\u00e7\u00f5es de governan\u00e7a e melhora da efici\u00eancia dos servi\u00e7os prestados pela Receita Federal e n\u00e3o sobre medidas tribut\u00e1rias neste momento.<\/p>\n<p style=\"text-align: justify;\">Fonte: UOL \/ CONTEC<\/p>\n","protected":false},"excerpt":{"rendered":"<p class=\"excerpt\">O secret\u00e1rio especial da Receita Federal, Marcos Cintra, confirmou nesta quinta-feira, 10, a inten\u00e7\u00e3o do governo em reduzir as al\u00edquotas do Imposto de Renda, mas afirmou que a prioridade no momento \u00e9 a aprova\u00e7\u00e3o da proposta de reforma da Previd\u00eancia. Segundo ele, a principal preocupa\u00e7\u00e3o da reforma tribut\u00e1ria que ser\u00e1 apresentada \u00e9 desonerar a folha [&hellip;]<\/p>\n","protected":false},"author":2,"featured_media":8422,"comment_status":"closed","ping_status":"closed","sticky":false,"template":"","format":"standard","meta":{"_et_pb_use_builder":"","_et_pb_old_content":"","_et_gb_content_width":"","footnotes":""},"categories":[13],"tags":[],"class_list":["post-8417","post","type-post","status-publish","format-standard","has-post-thumbnail","hentry","category-noticias"],"_links":{"self":[{"href":"https:\/\/sjcbancarios.com.br\/site\/wp-json\/wp\/v2\/posts\/8417","targetHints":{"allow":["GET"]}}],"collection":[{"href":"https:\/\/sjcbancarios.com.br\/site\/wp-json\/wp\/v2\/posts"}],"about":[{"href":"https:\/\/sjcbancarios.com.br\/site\/wp-json\/wp\/v2\/types\/post"}],"author":[{"embeddable":true,"href":"https:\/\/sjcbancarios.com.br\/site\/wp-json\/wp\/v2\/users\/2"}],"replies":[{"embeddable":true,"href":"https:\/\/sjcbancarios.com.br\/site\/wp-json\/wp\/v2\/comments?post=8417"}],"version-history":[{"count":0,"href":"https:\/\/sjcbancarios.com.br\/site\/wp-json\/wp\/v2\/posts\/8417\/revisions"}],"wp:featuredmedia":[{"embeddable":true,"href":"https:\/\/sjcbancarios.com.br\/site\/wp-json\/wp\/v2\/media\/8422"}],"wp:attachment":[{"href":"https:\/\/sjcbancarios.com.br\/site\/wp-json\/wp\/v2\/media?parent=8417"}],"wp:term":[{"taxonomy":"category","embeddable":true,"href":"https:\/\/sjcbancarios.com.br\/site\/wp-json\/wp\/v2\/categories?post=8417"},{"taxonomy":"post_tag","embeddable":true,"href":"https:\/\/sjcbancarios.com.br\/site\/wp-json\/wp\/v2\/tags?post=8417"}],"curies":[{"name":"wp","href":"https:\/\/api.w.org\/{rel}","templated":true}]}}