{"id":8102,"date":"2018-11-26T11:39:49","date_gmt":"2018-11-26T13:39:49","guid":{"rendered":"http:\/\/sjcbancarios.com.br\/site\/?p=8102"},"modified":"2018-11-26T11:42:03","modified_gmt":"2018-11-26T13:42:03","slug":"25-de-novembro-dia-internacional-de-combate-a-violencia-contra-a-mulher","status":"publish","type":"post","link":"https:\/\/sjcbancarios.com.br\/site\/noticias-em-destaque\/25-de-novembro-dia-internacional-de-combate-a-violencia-contra-a-mulher\/","title":{"rendered":"25 de Novembro Dia Internacional de Combate \u00e0 Viol\u00eancia Contra a Mulher"},"content":{"rendered":"<p><img loading=\"lazy\" decoding=\"async\" class=\"alignnone size-full wp-image-8103\" src=\"http:\/\/sjcbancarios.com.br\/site\/wp-content\/uploads\/2018\/11\/\u00edndice-7.jpg\" alt=\"\" width=\"288\" height=\"175\" srcset=\"https:\/\/sjcbancarios.com.br\/site\/wp-content\/uploads\/2018\/11\/\u00edndice-7.jpg 288w, https:\/\/sjcbancarios.com.br\/site\/wp-content\/uploads\/2018\/11\/\u00edndice-7-24x15.jpg 24w, https:\/\/sjcbancarios.com.br\/site\/wp-content\/uploads\/2018\/11\/\u00edndice-7-36x22.jpg 36w, https:\/\/sjcbancarios.com.br\/site\/wp-content\/uploads\/2018\/11\/\u00edndice-7-48x29.jpg 48w\" sizes=\"(max-width: 288px) 100vw, 288px\" \/><\/p>\n<p style=\"text-align: justify;\">O Dia Internacional de combate a Viol\u00eancia Contra as Mulheres \u00e9 comemorado anualmente em 25 de novembro. \u00c9 um dia de conscientiza\u00e7\u00e3o, de luta e de mobiliza\u00e7\u00e3o.<\/p>\n<p>No Brasil, os n\u00fameros de viol\u00eancia praticada contra as mulheres s\u00e3o alarmantes e eles s\u00f3 crescem. Os altos \u00edndices de feminic\u00eddios registrados, no Mapa da Viol\u00eancia de 2015: Homic\u00eddio de Mulheres no Brasil, mostram que o pa\u00eds tem a quinta maior taxa de homic\u00eddio de mulheres do mundo (conforme dados da OMS que analisou 83 pa\u00edses). Apenas em 2013, foram registrados 4,8 homic\u00eddios a cada grupo de 100 mil mulheres. <\/p>\n<p>Quando comparados por ra\u00e7a, esses n\u00fameros se tornam ainda mais alarmantes. O n\u00famero de homic\u00eddios contra mulheres negras aumentou 54% entre 2003 e 2013. J\u00e1 o n\u00famero de homic\u00eddios de mulheres brancas caiu 9,8% no mesmo per\u00edodo.<\/p>\n<p>O Mapa da Viol\u00eancia aponta, ainda, que 55,3% desses crimes foram cometidos no ambiente dom\u00e9stico e 33,2% foram cometidos pelos parceiros ou ex-parceiros das v\u00edtimas.<\/p>\n<p><strong>Impactos das pol\u00edticas de austeridades na viol\u00eancia contra a mulher<\/strong> <br \/>\nO corte de investimentos, promovido pelo atual governo, contribuiu para o crescimento dos casos de viol\u00eancia contra a mulher. De acordo com a pesquisa, realizada pela Universidade Estadual de Campinas (Unicamp), em agosto de 2018, o corte no or\u00e7amento foi de 83% para pol\u00edticas para mulheres e enfrentamento \u00e0 viol\u00eancia, 16% para inclus\u00e3o social por meio do bolsa fam\u00edlia, 71,3% para igualdade racial e supera\u00e7\u00e3o do racismo, 95,6% para os direitos da juventude, 57,9 para a promo\u00e7\u00e3o e defesa dos direitos humanos. O corte de investimentos inviabiliza qualquer tentativa de promo\u00e7\u00e3o e defesa dos direitos sociais, al\u00e9m de favorecer o descaso e incentivar mais situa\u00e7\u00f5es constrangedoras para as mulheres.<\/p>\n<p><strong>Origem da data<\/strong><br \/>\nNo dia 25 de novembro de 1960, as irm\u00e3s P\u00e1tria, Minerva e Maria Teresa, conhecidas como \u201cLas Mariposas\u201d, foram brutalmente assassinadas pelo ditador Rafael Le\u00f4nidas Trujillo, da Rep\u00fablica Dominicana. As tr\u00eas combatiam fortemente aquela ditadura e pagaram com a pr\u00f3pria vida. Seus corpos foram encontrados no fundo de um precip\u00edcio, estrangulados, com os ossos quebrados. As mortes repercutiram, causando grande como\u00e7\u00e3o no pa\u00eds. Pouco tempo depois, o ditador foi assassinado.<\/p>\n<p>Em 1999, a Assembleia Geral da Organiza\u00e7\u00e3o das Na\u00e7\u00f5es Unidas instituiu 25 de novembro como o Dia Internacional da N\u00e3o-Viol\u00eancia Contra a Mulher, em homenagem \u00e0s \u201cMariposas\u201d. Ou seja, durante um dia no ano, incitam-se reflex\u00f5es sobre a situa\u00e7\u00e3o de viol\u00eancia em que vive consider\u00e1vel parte das mulheres em todo o mundo.<\/p>\n<p><strong>25 de Novembro Dia Internacional de Combate \u00e0 Viol\u00eancia Contra a Mulher<\/strong><br \/>\nO Dia Internacional de combate a Viol\u00eancia Contra as Mulheres \u00e9 comemorado anualmente em 25 de novembro. \u00c9 um dia de conscientiza\u00e7\u00e3o, de luta e de mobiliza\u00e7\u00e3o.<\/p>\n<p>No Brasil, os n\u00fameros de viol\u00eancia praticada contra as mulheres s\u00e3o alarmantes e eles s\u00f3 crescem. Os altos \u00edndices de feminic\u00eddios registrados, no Mapa da Viol\u00eancia de 2015: Homic\u00eddio de Mulheres no Brasil, mostram que o pa\u00eds tem a quinta maior taxa de homic\u00eddio de mulheres do mundo (conforme dados da OMS que analisou 83 pa\u00edses).<br \/>\nApenas em 2013, foram registrados 4,8 homic\u00eddios a cada grupo de 100 mil mulheres. <\/p>\n<p>Quando comparados por ra\u00e7a, esses n\u00fameros se tornam ainda mais alarmantes. O n\u00famero de homic\u00eddios contra mulheres negras aumentou 54% entre 2003 e 2013. J\u00e1 o n\u00famero de homic\u00eddios de mulheres brancas caiu 9,8% no mesmo per\u00edodo.<\/p>\n<p>O Mapa da Viol\u00eancia aponta, ainda, que 55,3% desses crimes foram cometidos no ambiente dom\u00e9stico e 33,2% foram cometidos pelos parceiros ou ex-parceiros das v\u00edtimas.<\/p>\n<p><strong>Impactos das pol\u00edticas de austeridades na viol\u00eancia contra a mulher<\/strong> <br \/>\nO corte de investimentos, promovido pelo atual governo, contribuiu para o crescimento dos casos de viol\u00eancia contra a mulher. De acordo com a pesquisa, realizada pela Universidade Estadual de Campinas (Unicamp), em agosto de 2018, o corte no or\u00e7amento foi de 83% para pol\u00edticas para mulheres e enfrentamento \u00e0 viol\u00eancia, 16% para inclus\u00e3o social por meio do bolsa fam\u00edlia, 71,3% para igualdade racial e supera\u00e7\u00e3o do racismo, 95,6% para os direitos da juventude, 57,9 para a promo\u00e7\u00e3o e defesa dos direitos humanos. O corte de investimentos inviabiliza qualquer tentativa de promo\u00e7\u00e3o e defesa dos direitos sociais, al\u00e9m de favorecer o descaso e incentivar mais situa\u00e7\u00f5es constrangedoras para as mulheres.<\/p>\n<p><strong>Origem da data<\/strong><br \/>\nNo dia 25 de novembro de 1960, as irm\u00e3s P\u00e1tria, Minerva e Maria Teresa, conhecidas como \u201cLas Mariposas\u201d, foram brutalmente assassinadas pelo ditador Rafael Le\u00f4nidas Trujillo, da Rep\u00fablica Dominicana. As tr\u00eas combatiam fortemente aquela ditadura e pagaram com a pr\u00f3pria vida. Seus corpos foram encontrados no fundo de um precip\u00edcio, estrangulados, com os ossos quebrados. As mortes repercutiram, causando grande como\u00e7\u00e3o no pa\u00eds. Pouco tempo depois, o ditador foi assassinado.<\/p>\n<p>Em 1999, a Assembleia Geral da Organiza\u00e7\u00e3o das Na\u00e7\u00f5es Unidas instituiu 25 de novembro como o Dia Internacional da N\u00e3o-Viol\u00eancia Contra a Mulher, em homenagem \u00e0s \u201cMariposas\u201d. Ou seja, durante um dia no ano, incitam-se reflex\u00f5es sobre a situa\u00e7\u00e3o de viol\u00eancia em que vive consider\u00e1vel parte das mulheres em todo o mundo.<\/p>\n","protected":false},"excerpt":{"rendered":"<p class=\"excerpt\">O Dia Internacional de combate a Viol\u00eancia Contra as Mulheres \u00e9 comemorado anualmente em 25 de novembro. \u00c9 um dia de conscientiza\u00e7\u00e3o, de luta e de mobiliza\u00e7\u00e3o. No Brasil, os n\u00fameros de viol\u00eancia praticada contra as mulheres s\u00e3o alarmantes e eles s\u00f3 crescem. Os altos \u00edndices de feminic\u00eddios registrados, no Mapa da Viol\u00eancia de 2015: [&hellip;]<\/p>\n","protected":false},"author":2,"featured_media":8105,"comment_status":"closed","ping_status":"closed","sticky":false,"template":"","format":"standard","meta":{"_et_pb_use_builder":"","_et_pb_old_content":"","_et_gb_content_width":"","footnotes":""},"categories":[155],"tags":[],"class_list":["post-8102","post","type-post","status-publish","format-standard","has-post-thumbnail","hentry","category-noticias-em-destaque"],"_links":{"self":[{"href":"https:\/\/sjcbancarios.com.br\/site\/wp-json\/wp\/v2\/posts\/8102","targetHints":{"allow":["GET"]}}],"collection":[{"href":"https:\/\/sjcbancarios.com.br\/site\/wp-json\/wp\/v2\/posts"}],"about":[{"href":"https:\/\/sjcbancarios.com.br\/site\/wp-json\/wp\/v2\/types\/post"}],"author":[{"embeddable":true,"href":"https:\/\/sjcbancarios.com.br\/site\/wp-json\/wp\/v2\/users\/2"}],"replies":[{"embeddable":true,"href":"https:\/\/sjcbancarios.com.br\/site\/wp-json\/wp\/v2\/comments?post=8102"}],"version-history":[{"count":0,"href":"https:\/\/sjcbancarios.com.br\/site\/wp-json\/wp\/v2\/posts\/8102\/revisions"}],"wp:featuredmedia":[{"embeddable":true,"href":"https:\/\/sjcbancarios.com.br\/site\/wp-json\/wp\/v2\/media\/8105"}],"wp:attachment":[{"href":"https:\/\/sjcbancarios.com.br\/site\/wp-json\/wp\/v2\/media?parent=8102"}],"wp:term":[{"taxonomy":"category","embeddable":true,"href":"https:\/\/sjcbancarios.com.br\/site\/wp-json\/wp\/v2\/categories?post=8102"},{"taxonomy":"post_tag","embeddable":true,"href":"https:\/\/sjcbancarios.com.br\/site\/wp-json\/wp\/v2\/tags?post=8102"}],"curies":[{"name":"wp","href":"https:\/\/api.w.org\/{rel}","templated":true}]}}