{"id":7561,"date":"2018-09-24T12:21:12","date_gmt":"2018-09-24T15:21:12","guid":{"rendered":"http:\/\/sjcbancarios.com.br\/site\/?p=7561"},"modified":"2018-09-24T12:21:12","modified_gmt":"2018-09-24T15:21:12","slug":"caixa-muda-estatuto-e-cargos-de-direcao-deixam-de-ser-exclusivos-de-funcionarios","status":"publish","type":"post","link":"https:\/\/sjcbancarios.com.br\/site\/bancos\/caixa-economica-federal\/caixa-muda-estatuto-e-cargos-de-direcao-deixam-de-ser-exclusivos-de-funcionarios\/","title":{"rendered":"Caixa muda estatuto e cargos de dire\u00e7\u00e3o deixam de ser exclusivos de funcion\u00e1rios"},"content":{"rendered":"<p style=\"text-align: justify;\">Sem fazer alarde, o Conselho de Administra\u00e7\u00e3o da Caixa (CA) Econ\u00f4mica Federal aprovou na \u00faltima segunda-feira (17), uma altera\u00e7\u00e3o no estatuto do banco que permite que cargos de diretor executivo sejam ocupados por servidores p\u00fablicos federais.<\/p>\n<p style=\"text-align: justify;\">A medida vale para a diretoria jur\u00eddica e para outras duas \u00e1reas ligadas ao CA que passar\u00e3o a contar com estruturas de diretoria: a auditoria e a corregedoria. Na pr\u00e1tica, o cargo de diretor deixa de ser exclusivo dos empregados de carreira.<\/p>\n<p style=\"text-align: justify;\">Para que a decis\u00e3o entre em vigor, falta aprova\u00e7\u00e3o da Assembl\u00e9ia Geral do banco, que ainda n\u00e3o tem data marcada para acontecer. Os cargos de diretor executivo s\u00e3o cobi\u00e7ados pelos altos sal\u00e1rios e pelo poder. Dentro da Caixa, s\u00e3o postos do chamado terceiro escal\u00e3o. Somente vice-presidentes e o presidente est\u00e3o acima dos diretores.<\/p>\n<p style=\"text-align: justify;\">Fonte:\u00a0 CONTEC<\/p>\n","protected":false},"excerpt":{"rendered":"<p class=\"excerpt\">Sem fazer alarde, o Conselho de Administra\u00e7\u00e3o da Caixa (CA) Econ\u00f4mica Federal aprovou na \u00faltima segunda-feira (17), uma altera\u00e7\u00e3o no estatuto do banco que permite que cargos de diretor executivo sejam ocupados por servidores p\u00fablicos federais. A medida vale para a diretoria jur\u00eddica e para outras duas \u00e1reas ligadas ao CA que passar\u00e3o a contar [&hellip;]<\/p>\n","protected":false},"author":2,"featured_media":7562,"comment_status":"closed","ping_status":"closed","sticky":false,"template":"","format":"standard","meta":{"_et_pb_use_builder":"","_et_pb_old_content":"","_et_gb_content_width":"","footnotes":""},"categories":[8],"tags":[],"class_list":["post-7561","post","type-post","status-publish","format-standard","has-post-thumbnail","hentry","category-caixa-economica-federal"],"_links":{"self":[{"href":"https:\/\/sjcbancarios.com.br\/site\/wp-json\/wp\/v2\/posts\/7561","targetHints":{"allow":["GET"]}}],"collection":[{"href":"https:\/\/sjcbancarios.com.br\/site\/wp-json\/wp\/v2\/posts"}],"about":[{"href":"https:\/\/sjcbancarios.com.br\/site\/wp-json\/wp\/v2\/types\/post"}],"author":[{"embeddable":true,"href":"https:\/\/sjcbancarios.com.br\/site\/wp-json\/wp\/v2\/users\/2"}],"replies":[{"embeddable":true,"href":"https:\/\/sjcbancarios.com.br\/site\/wp-json\/wp\/v2\/comments?post=7561"}],"version-history":[{"count":0,"href":"https:\/\/sjcbancarios.com.br\/site\/wp-json\/wp\/v2\/posts\/7561\/revisions"}],"wp:featuredmedia":[{"embeddable":true,"href":"https:\/\/sjcbancarios.com.br\/site\/wp-json\/wp\/v2\/media\/7562"}],"wp:attachment":[{"href":"https:\/\/sjcbancarios.com.br\/site\/wp-json\/wp\/v2\/media?parent=7561"}],"wp:term":[{"taxonomy":"category","embeddable":true,"href":"https:\/\/sjcbancarios.com.br\/site\/wp-json\/wp\/v2\/categories?post=7561"},{"taxonomy":"post_tag","embeddable":true,"href":"https:\/\/sjcbancarios.com.br\/site\/wp-json\/wp\/v2\/tags?post=7561"}],"curies":[{"name":"wp","href":"https:\/\/api.w.org\/{rel}","templated":true}]}}