{"id":7174,"date":"2018-08-22T09:00:22","date_gmt":"2018-08-22T12:00:22","guid":{"rendered":"http:\/\/sjcbancarios.com.br\/site\/?p=7174"},"modified":"2018-08-23T11:07:56","modified_gmt":"2018-08-23T14:07:56","slug":"reuniao-de-negociacao-da-caixa-continua-nesta-quinta-23-08","status":"publish","type":"post","link":"https:\/\/sjcbancarios.com.br\/site\/bancos\/caixa-economica-federal\/reuniao-de-negociacao-da-caixa-continua-nesta-quinta-23-08\/","title":{"rendered":"Reuni\u00e3o de negocia\u00e7\u00e3o da CAIXA continua nesta quinta (23\/08)"},"content":{"rendered":"<p style=\"text-align: justify;\">A Comiss\u00e3o Executiva Banc\u00e1ria Nacional de Negocia\u00e7\u00e3o \u2013 CEBNN\/Contec esteve reunida mais uma vez, ontem, com os negociadores da CAIXA ECON\u00d4MICA FEDERAL para tratar das negocia\u00e7\u00f5es nesta campanha salarial 2018. A reda\u00e7\u00e3o de v\u00e1rias cl\u00e1usulas do Acordo Coletivo revisando foram debatidos e a comiss\u00e3o CONTEC refor\u00e7ou a necessidade da manuten\u00e7\u00e3o do SA\u00daDE CAIXA para todos os empregados sem qualquer exclus\u00e3o.<\/p>\n<p style=\"text-align: justify;\">Entre as reda\u00e7\u00f5es sugeridas pela CAIXA, est\u00e1 a inclus\u00e3o da cesta alimenta\u00e7\u00e3o para o empregado afastado por LATP e doen\u00e7as graves, no per\u00edodo de at\u00e9 2 anos. A CAIXA prop\u00f5e ainda isentar os funcion\u00e1rios do pagamento de anuidade do cart\u00e3o CAIXA, bandeira ELO e outra, \u00e0 escolha do empregado, entre VISA, MasterCard ou JCB, limitado a 2 cart\u00f5es, na vig\u00eancia do ACT.<\/p>\n<p style=\"text-align: justify;\">Outra contraproposta do banco \u00e9 ajustar a reda\u00e7\u00e3o da cl\u00e1usula que trata das tarifas e pacote de servi\u00e7os. A CAIXA quer isentar os empregados \u2013 CESTA ESPECIAL CAIXA \u2013 permitindo a contrata\u00e7\u00e3o dos servi\u00e7os de maior benef\u00edcio exclusivamente na conta corrente onde o sal\u00e1rio \u00e9 creditado.<\/p>\n<p style=\"text-align: justify;\">O banco tamb\u00e9m prop\u00f5e implantar banco de horas, com compensa\u00e7\u00e3o no per\u00edodo de 12 meses,contado a partir da data em que o empregado cumprir jornada al\u00e9m ou aqu\u00e9m da contratual.<\/p>\n<p style=\"text-align: justify;\">O debate em rela\u00e7\u00e3o \u00e0 reda\u00e7\u00e3o das cl\u00e1usulas, assim como as reivindica\u00e7\u00f5es dos empregados prosseguem logo mais a tarde, ap\u00f3s reuni\u00e3o com a FENABAN, prevista para as 15h, desta quinta-feira (23\/08), em S\u00e3o Paulo.<\/p>\n<p style=\"text-align: justify;\">Os empregados da CAIXA est\u00e3o fortemente mobilizados e v\u00e3o lutar para que n\u00e3o haja retrocessos nas negocia\u00e7\u00f5es. Desejam a renova\u00e7\u00e3o do ACT revisando, com a perman\u00eancia do Sa\u00fadeCaixa para todos, e a garantia da PLR ADICIONAL.<\/p>\n<p style=\"text-align: justify;\">Fonte: Contec<\/p>\n","protected":false},"excerpt":{"rendered":"<p class=\"excerpt\">A Comiss\u00e3o Executiva Banc\u00e1ria Nacional de Negocia\u00e7\u00e3o \u2013 CEBNN\/Contec esteve reunida mais uma vez, ontem, com os negociadores da CAIXA ECON\u00d4MICA FEDERAL para tratar das negocia\u00e7\u00f5es nesta campanha salarial 2018. A reda\u00e7\u00e3o de v\u00e1rias cl\u00e1usulas do Acordo Coletivo revisando foram debatidos e a comiss\u00e3o CONTEC refor\u00e7ou a necessidade da manuten\u00e7\u00e3o do SA\u00daDE CAIXA para todos [&hellip;]<\/p>\n","protected":false},"author":2,"featured_media":7175,"comment_status":"closed","ping_status":"closed","sticky":false,"template":"","format":"standard","meta":{"_et_pb_use_builder":"","_et_pb_old_content":"","_et_gb_content_width":"","footnotes":""},"categories":[8],"tags":[],"class_list":["post-7174","post","type-post","status-publish","format-standard","has-post-thumbnail","hentry","category-caixa-economica-federal"],"_links":{"self":[{"href":"https:\/\/sjcbancarios.com.br\/site\/wp-json\/wp\/v2\/posts\/7174","targetHints":{"allow":["GET"]}}],"collection":[{"href":"https:\/\/sjcbancarios.com.br\/site\/wp-json\/wp\/v2\/posts"}],"about":[{"href":"https:\/\/sjcbancarios.com.br\/site\/wp-json\/wp\/v2\/types\/post"}],"author":[{"embeddable":true,"href":"https:\/\/sjcbancarios.com.br\/site\/wp-json\/wp\/v2\/users\/2"}],"replies":[{"embeddable":true,"href":"https:\/\/sjcbancarios.com.br\/site\/wp-json\/wp\/v2\/comments?post=7174"}],"version-history":[{"count":0,"href":"https:\/\/sjcbancarios.com.br\/site\/wp-json\/wp\/v2\/posts\/7174\/revisions"}],"wp:featuredmedia":[{"embeddable":true,"href":"https:\/\/sjcbancarios.com.br\/site\/wp-json\/wp\/v2\/media\/7175"}],"wp:attachment":[{"href":"https:\/\/sjcbancarios.com.br\/site\/wp-json\/wp\/v2\/media?parent=7174"}],"wp:term":[{"taxonomy":"category","embeddable":true,"href":"https:\/\/sjcbancarios.com.br\/site\/wp-json\/wp\/v2\/categories?post=7174"},{"taxonomy":"post_tag","embeddable":true,"href":"https:\/\/sjcbancarios.com.br\/site\/wp-json\/wp\/v2\/tags?post=7174"}],"curies":[{"name":"wp","href":"https:\/\/api.w.org\/{rel}","templated":true}]}}