{"id":6155,"date":"2018-05-07T10:18:06","date_gmt":"2018-05-07T13:18:06","guid":{"rendered":"http:\/\/sjcbancarios.com.br\/site\/?p=6155"},"modified":"2018-05-07T10:18:07","modified_gmt":"2018-05-07T13:18:07","slug":"correios-vao-fechar-513-agencias-e-demitir-53-mil","status":"publish","type":"post","link":"https:\/\/sjcbancarios.com.br\/site\/noticias\/correios-vao-fechar-513-agencias-e-demitir-53-mil\/","title":{"rendered":"Correios v\u00e3o fechar 513 ag\u00eancias e demitir 5,3 mil"},"content":{"rendered":"<p style=\"text-align: justify;\">Os Correios decidiram fechar nos pr\u00f3ximos meses 513 ag\u00eancias pr\u00f3prias e demitir os funcion\u00e1rios que trabalham nelas, o que deve atingir 5.300 pessoas. A medida foi aprovada em reuni\u00e3o da diretoria em fevereiro e \u00e9 mantida em sigilo pela empresa. Quem participou dela teve de assinar um termo de confidencialidade, o que n\u00e3o \u00e9 usual. Na lista h\u00e1 ag\u00eancias com alto faturamento. Em Minas, das 20 mais rent\u00e1veis, 14 deixar\u00e3o de funcionar. Os clientes ser\u00e3o atendidos por ag\u00eancias franqueadas que funcionam nas proximidades das que ser\u00e3o fechadas.<\/p>\n<p style=\"text-align: justify;\">Em S\u00e3o Paulo, ser\u00e3o fechadas 167 ag\u00eancias \u2013 90 na capital e 77 no interior. A decis\u00e3o causa pol\u00eamica dentro dos Correios. O assunto foi tratado como extrapauta na reuni\u00e3o da diretoria sem o anexo da rela\u00e7\u00e3o de ag\u00eancias. A desconfian\u00e7a \u00e9 de que a medida foi tomada para beneficiar os franqueados.<\/p>\n<p style=\"text-align: justify;\">O ex-presidente dos Correios Guilherme Campos justificou que ser\u00e3o fechadas ag\u00eancias pr\u00f3prias que ficam muito pr\u00f3ximas de outras operadas por agentes privados. Ele diz que o n\u00famero de demiss\u00f5es pode ser at\u00e9 maior. Vai depender da capacidade financeira da empresa para indenizar os trabalhadores.<\/p>\n<p style=\"text-align: justify;\">SINAIS PARTICULARES. Guilherme Campos, ex-presidente dos Correios; por Kleber Sales<\/p>\n<p style=\"text-align: justify;\">Com a palavra 2. A decis\u00e3o exigiu sigilo, segundo o ex-presidente, porque envolve a demiss\u00e3o de muitos funcion\u00e1rios da empresa. A economia anual com o fechamento das ag\u00eancias somada \u00e0s demiss\u00f5es \u00e9 calculada em R$ 190 milh\u00f5es.<\/p>\n<p style=\"text-align: justify;\">Fonte: CONTEC<\/p>\n","protected":false},"excerpt":{"rendered":"<p class=\"excerpt\">Os Correios decidiram fechar nos pr\u00f3ximos meses 513 ag\u00eancias pr\u00f3prias e demitir os funcion\u00e1rios que trabalham nelas, o que deve atingir 5.300 pessoas. A medida foi aprovada em reuni\u00e3o da diretoria em fevereiro e \u00e9 mantida em sigilo pela empresa. Quem participou dela teve de assinar um termo de confidencialidade, o que n\u00e3o \u00e9 usual. [&hellip;]<\/p>\n","protected":false},"author":2,"featured_media":6156,"comment_status":"closed","ping_status":"closed","sticky":false,"template":"","format":"standard","meta":{"_et_pb_use_builder":"","_et_pb_old_content":"","_et_gb_content_width":"","footnotes":""},"categories":[13],"tags":[],"class_list":["post-6155","post","type-post","status-publish","format-standard","has-post-thumbnail","hentry","category-noticias"],"_links":{"self":[{"href":"https:\/\/sjcbancarios.com.br\/site\/wp-json\/wp\/v2\/posts\/6155","targetHints":{"allow":["GET"]}}],"collection":[{"href":"https:\/\/sjcbancarios.com.br\/site\/wp-json\/wp\/v2\/posts"}],"about":[{"href":"https:\/\/sjcbancarios.com.br\/site\/wp-json\/wp\/v2\/types\/post"}],"author":[{"embeddable":true,"href":"https:\/\/sjcbancarios.com.br\/site\/wp-json\/wp\/v2\/users\/2"}],"replies":[{"embeddable":true,"href":"https:\/\/sjcbancarios.com.br\/site\/wp-json\/wp\/v2\/comments?post=6155"}],"version-history":[{"count":0,"href":"https:\/\/sjcbancarios.com.br\/site\/wp-json\/wp\/v2\/posts\/6155\/revisions"}],"wp:featuredmedia":[{"embeddable":true,"href":"https:\/\/sjcbancarios.com.br\/site\/wp-json\/wp\/v2\/media\/6156"}],"wp:attachment":[{"href":"https:\/\/sjcbancarios.com.br\/site\/wp-json\/wp\/v2\/media?parent=6155"}],"wp:term":[{"taxonomy":"category","embeddable":true,"href":"https:\/\/sjcbancarios.com.br\/site\/wp-json\/wp\/v2\/categories?post=6155"},{"taxonomy":"post_tag","embeddable":true,"href":"https:\/\/sjcbancarios.com.br\/site\/wp-json\/wp\/v2\/tags?post=6155"}],"curies":[{"name":"wp","href":"https:\/\/api.w.org\/{rel}","templated":true}]}}