{"id":5753,"date":"2018-03-29T12:24:28","date_gmt":"2018-03-29T15:24:28","guid":{"rendered":"http:\/\/sjcbancarios.com.br\/site\/?p=5753"},"modified":"2018-03-29T12:24:28","modified_gmt":"2018-03-29T15:24:28","slug":"taxa-de-desemprego-cresce-para-126-e-brasil-tem-131-mi-de-desocupados","status":"publish","type":"post","link":"https:\/\/sjcbancarios.com.br\/site\/noticias\/taxa-de-desemprego-cresce-para-126-e-brasil-tem-131-mi-de-desocupados\/","title":{"rendered":"Taxa de desemprego cresce para 12,6% e Brasil tem 13,1 mi de desocupados"},"content":{"rendered":"<p style=\"text-align: justify;\">A taxa de desemprego no trimestre entre dezembro e fevereiro ficou em 12,6%, um aumento de 0,6 ponto percentual em rela\u00e7\u00e3o ao trimestre de setembro a novembro de 2017, quando era de 12,0%, de acordo com a PNAD Cont\u00ednua, divulgada nesta quinta-feira (29) pelo IBGE. Na compara\u00e7\u00e3o com o mesmo per\u00edodo (dezembro de 2016 e fevereiro de 2017) houve queda de 0,6 ponto percentual. A popula\u00e7\u00e3o desocupada no per\u00edodo foi de 13,1 milh\u00f5es, 4,4% a mais do que no trimestre anterior. O acr\u00e9scimo foi de 550 mil pessoas. A popula\u00e7\u00e3o ocupada (91,1 milh\u00f5es) recuou (-0,9% ou menos 858 mil pessoas) em rela\u00e7\u00e3o ao trimestre anterior. Em rela\u00e7\u00e3o ao mesmo trimestre de 2017, tamb\u00e9m houve redu\u00e7\u00e3o (-2,0% ou menos 1,7 milh\u00e3o de pessoas ocupadas).<\/p>\n<p style=\"text-align: justify;\">Fonte: CONTEC<\/p>\n","protected":false},"excerpt":{"rendered":"<p class=\"excerpt\">A taxa de desemprego no trimestre entre dezembro e fevereiro ficou em 12,6%, um aumento de 0,6 ponto percentual em rela\u00e7\u00e3o ao trimestre de setembro a novembro de 2017, quando era de 12,0%, de acordo com a PNAD Cont\u00ednua, divulgada nesta quinta-feira (29) pelo IBGE. Na compara\u00e7\u00e3o com o mesmo per\u00edodo (dezembro de 2016 e [&hellip;]<\/p>\n","protected":false},"author":2,"featured_media":5754,"comment_status":"closed","ping_status":"closed","sticky":false,"template":"","format":"standard","meta":{"_et_pb_use_builder":"","_et_pb_old_content":"","_et_gb_content_width":"","footnotes":""},"categories":[13],"tags":[],"class_list":["post-5753","post","type-post","status-publish","format-standard","has-post-thumbnail","hentry","category-noticias"],"_links":{"self":[{"href":"https:\/\/sjcbancarios.com.br\/site\/wp-json\/wp\/v2\/posts\/5753","targetHints":{"allow":["GET"]}}],"collection":[{"href":"https:\/\/sjcbancarios.com.br\/site\/wp-json\/wp\/v2\/posts"}],"about":[{"href":"https:\/\/sjcbancarios.com.br\/site\/wp-json\/wp\/v2\/types\/post"}],"author":[{"embeddable":true,"href":"https:\/\/sjcbancarios.com.br\/site\/wp-json\/wp\/v2\/users\/2"}],"replies":[{"embeddable":true,"href":"https:\/\/sjcbancarios.com.br\/site\/wp-json\/wp\/v2\/comments?post=5753"}],"version-history":[{"count":0,"href":"https:\/\/sjcbancarios.com.br\/site\/wp-json\/wp\/v2\/posts\/5753\/revisions"}],"wp:featuredmedia":[{"embeddable":true,"href":"https:\/\/sjcbancarios.com.br\/site\/wp-json\/wp\/v2\/media\/5754"}],"wp:attachment":[{"href":"https:\/\/sjcbancarios.com.br\/site\/wp-json\/wp\/v2\/media?parent=5753"}],"wp:term":[{"taxonomy":"category","embeddable":true,"href":"https:\/\/sjcbancarios.com.br\/site\/wp-json\/wp\/v2\/categories?post=5753"},{"taxonomy":"post_tag","embeddable":true,"href":"https:\/\/sjcbancarios.com.br\/site\/wp-json\/wp\/v2\/tags?post=5753"}],"curies":[{"name":"wp","href":"https:\/\/api.w.org\/{rel}","templated":true}]}}