{"id":5699,"date":"2018-03-21T12:38:33","date_gmt":"2018-03-21T15:38:33","guid":{"rendered":"http:\/\/sjcbancarios.com.br\/site\/?p=5699"},"modified":"2018-03-23T13:53:43","modified_gmt":"2018-03-23T16:53:43","slug":"21-de-marco-dia-internacional-contra-a-discriminacao-racial","status":"publish","type":"post","link":"https:\/\/sjcbancarios.com.br\/site\/noticias\/21-de-marco-dia-internacional-contra-a-discriminacao-racial\/","title":{"rendered":"21 de Mar\u00e7o: Dia Internacional Contra a discrimina\u00e7\u00e3o racial"},"content":{"rendered":"<p><img loading=\"lazy\" decoding=\"async\" class=\"alignnone  wp-image-5700\" src=\"http:\/\/sjcbancarios.com.br\/site\/wp-content\/uploads\/2018\/03\/21-de-mar\u00e7o-300x300.jpeg\" alt=\"\" width=\"452\" height=\"452\" data-wp-pid=\"5700\" srcset=\"https:\/\/sjcbancarios.com.br\/site\/wp-content\/uploads\/2018\/03\/21-de-mar\u00e7o-300x300.jpeg 300w, https:\/\/sjcbancarios.com.br\/site\/wp-content\/uploads\/2018\/03\/21-de-mar\u00e7o-480x480.jpeg 480w, https:\/\/sjcbancarios.com.br\/site\/wp-content\/uploads\/2018\/03\/21-de-mar\u00e7o-24x24.jpeg 24w, https:\/\/sjcbancarios.com.br\/site\/wp-content\/uploads\/2018\/03\/21-de-mar\u00e7o-36x36.jpeg 36w, https:\/\/sjcbancarios.com.br\/site\/wp-content\/uploads\/2018\/03\/21-de-mar\u00e7o-48x48.jpeg 48w, https:\/\/sjcbancarios.com.br\/site\/wp-content\/uploads\/2018\/03\/21-de-mar\u00e7o-60x60.jpeg 60w, https:\/\/sjcbancarios.com.br\/site\/wp-content\/uploads\/2018\/03\/21-de-mar\u00e7o.jpeg 500w\" sizes=\"(max-width: 452px) 100vw, 452px\" \/><\/p>\n<p style=\"text-align: justify;\">No dia 21 de mar\u00e7o de 1960, na cidade de Joanesburgo, capital da \u00c1frica do Sul, 20 mil negros protestavam contra a lei do passe, que os obrigava a portar cart\u00f5es de identifica\u00e7\u00e3o, especificando os locais por onde eles podiam circular.<\/p>\n<p style=\"text-align: justify;\">No bairro de Shaperville, os manifestantes se depararam com tropas do ex\u00e9rcito. Mesmo sendo uma manifesta\u00e7\u00e3o pac\u00edfica, o ex\u00e9rcito atirou sobre a multid\u00e3o, matando 69 pessoas e ferindo outras 186. Esta a\u00e7\u00e3o ficou conhecida como o Massacre de Shaperville. Em mem\u00f3ria \u00e0 trag\u00e9dia, a ONU \u2013 Organiza\u00e7\u00e3o das Na\u00e7\u00f5es Unidas \u2013 instituiu 21 de mar\u00e7o como o Dia Internacional de Luta pela Elimina\u00e7\u00e3o da Discrimina\u00e7\u00e3o Racial.<\/p>\n<p style=\"text-align: justify;\">O Artigo I da Declara\u00e7\u00e3o das Na\u00e7\u00f5es Unidas sobre a Elimina\u00e7\u00e3o de Todas as Formas de Discrimina\u00e7\u00e3o Racial diz o seguinte:<\/p>\n<p style=\"text-align: justify;\">\u201cDiscrimina\u00e7\u00e3o Racial significa qualquer distin\u00e7\u00e3o, exclus\u00e3o, restri\u00e7\u00e3o ou prefer\u00eancia baseada na ra\u00e7a, cor, ascend\u00eancia, origem \u00e9tnica ou nacional com a finalidade ou o efeito de impedir ou dificultar o reconhecimento e exerc\u00edcio, em bases de igualdade, aos direitos humanos e liberdades fundamentais nos campos pol\u00edtico, econ\u00f4mico, social, cultural ou qualquer outra \u00e1rea da vida p\u00fablica\u201d<\/p>\n<p style=\"text-align: justify;\">O racismo se apresenta, de forma velada ou n\u00e3o, contra judeus, \u00e1rabes, mas sobretudo negros. No Brasil, onde os negros representam quase a metade da popula\u00e7\u00e3o, chegando a 80 milh\u00f5es de pessoas, o racismo ainda \u00e9 um tema delicado.<\/p>\n<p style=\"text-align: justify;\">Para Paulo Romeu Ramos, do Grupo Afro-Sul, as novas gera\u00e7\u00f5es j\u00e1 t\u00eam uma vis\u00e3o mais aberta em rela\u00e7\u00e3o ao tema. \u201cAs pessoas mudaram, o que falta mudar s\u00e3o as tradi\u00e7\u00f5es e as a\u00e7\u00f5es governamentais\u201d, afirma Paulo. O Grupo Afro-Sul \u00e9 uma ONG de Porto Alegre, que promove a cultura negra em todos os seus aspectos.<\/p>\n<p style=\"text-align: justify;\">Segundo o Programa das Na\u00e7\u00f5es Unidas para o Desenvolvimento \u2013 PNUD \u2013 em seu relat\u00f3rio anual, \u201cpara conseguir romper o preconceito racial, o movimento negro brasileiro precisa criar alian\u00e7as e falar para todo o pa\u00eds, inclusive para os brancos. Essa \u00e9 a \u00fanica maneira de mudar uma mentalidade forjada durante quase cinco s\u00e9culos de discrimina\u00e7\u00e3o\u201d.<\/p>\n<p style=\"text-align: justify;\">Aproveite esta data para refletir: voc\u00ea tem ou j\u00e1 teve atitudes racistas?<\/p>\n<p>Fonte: G\u00e9ledes<\/p>\n","protected":false},"excerpt":{"rendered":"<p class=\"excerpt\">No dia 21 de mar\u00e7o de 1960, na cidade de Joanesburgo, capital da \u00c1frica do Sul, 20 mil negros protestavam contra a lei do passe, que os obrigava a portar cart\u00f5es de identifica\u00e7\u00e3o, especificando os locais por onde eles podiam circular. No bairro de Shaperville, os manifestantes se depararam com tropas do ex\u00e9rcito. Mesmo sendo [&hellip;]<\/p>\n","protected":false},"author":2,"featured_media":5700,"comment_status":"closed","ping_status":"closed","sticky":false,"template":"","format":"standard","meta":{"_et_pb_use_builder":"","_et_pb_old_content":"","_et_gb_content_width":"","footnotes":""},"categories":[13],"tags":[],"class_list":["post-5699","post","type-post","status-publish","format-standard","has-post-thumbnail","hentry","category-noticias"],"_links":{"self":[{"href":"https:\/\/sjcbancarios.com.br\/site\/wp-json\/wp\/v2\/posts\/5699","targetHints":{"allow":["GET"]}}],"collection":[{"href":"https:\/\/sjcbancarios.com.br\/site\/wp-json\/wp\/v2\/posts"}],"about":[{"href":"https:\/\/sjcbancarios.com.br\/site\/wp-json\/wp\/v2\/types\/post"}],"author":[{"embeddable":true,"href":"https:\/\/sjcbancarios.com.br\/site\/wp-json\/wp\/v2\/users\/2"}],"replies":[{"embeddable":true,"href":"https:\/\/sjcbancarios.com.br\/site\/wp-json\/wp\/v2\/comments?post=5699"}],"version-history":[{"count":0,"href":"https:\/\/sjcbancarios.com.br\/site\/wp-json\/wp\/v2\/posts\/5699\/revisions"}],"wp:featuredmedia":[{"embeddable":true,"href":"https:\/\/sjcbancarios.com.br\/site\/wp-json\/wp\/v2\/media\/5700"}],"wp:attachment":[{"href":"https:\/\/sjcbancarios.com.br\/site\/wp-json\/wp\/v2\/media?parent=5699"}],"wp:term":[{"taxonomy":"category","embeddable":true,"href":"https:\/\/sjcbancarios.com.br\/site\/wp-json\/wp\/v2\/categories?post=5699"},{"taxonomy":"post_tag","embeddable":true,"href":"https:\/\/sjcbancarios.com.br\/site\/wp-json\/wp\/v2\/tags?post=5699"}],"curies":[{"name":"wp","href":"https:\/\/api.w.org\/{rel}","templated":true}]}}