{"id":5684,"date":"2018-03-16T15:06:38","date_gmt":"2018-03-16T18:06:38","guid":{"rendered":"http:\/\/sjcbancarios.com.br\/site\/?p=5684"},"modified":"2018-03-16T15:06:38","modified_gmt":"2018-03-16T18:06:38","slug":"trabalhador-podera-ausentar-se-2-dias-por-semestre-para-acompanhar-filho-menor-ao-medico","status":"publish","type":"post","link":"https:\/\/sjcbancarios.com.br\/site\/noticias\/trabalhador-podera-ausentar-se-2-dias-por-semestre-para-acompanhar-filho-menor-ao-medico\/","title":{"rendered":"Trabalhador poder\u00e1 ausentar-se 2 dias por semestre para acompanhar filho menor ao m\u00e9dico"},"content":{"rendered":"<p style=\"text-align: justify;\"><img loading=\"lazy\" decoding=\"async\" class=\"alignnone  wp-image-5685\" src=\"http:\/\/sjcbancarios.com.br\/site\/wp-content\/uploads\/2018\/03\/20085097555aaba4eedeaa8-450x248.jpg\" alt=\"\" width=\"588\" height=\"324\" data-wp-pid=\"5685\" srcset=\"https:\/\/sjcbancarios.com.br\/site\/wp-content\/uploads\/2018\/03\/20085097555aaba4eedeaa8-450x248.jpg 450w, https:\/\/sjcbancarios.com.br\/site\/wp-content\/uploads\/2018\/03\/20085097555aaba4eedeaa8-24x13.jpg 24w, https:\/\/sjcbancarios.com.br\/site\/wp-content\/uploads\/2018\/03\/20085097555aaba4eedeaa8-36x20.jpg 36w, https:\/\/sjcbancarios.com.br\/site\/wp-content\/uploads\/2018\/03\/20085097555aaba4eedeaa8-48x26.jpg 48w, https:\/\/sjcbancarios.com.br\/site\/wp-content\/uploads\/2018\/03\/20085097555aaba4eedeaa8-600x330.jpg 600w, https:\/\/sjcbancarios.com.br\/site\/wp-content\/uploads\/2018\/03\/20085097555aaba4eedeaa8.jpg 640w\" sizes=\"(max-width: 588px) 100vw, 588px\" \/><br \/>\nA Comiss\u00e3o de Assuntos Sociais (CAS) aprovou terminativamente, nesta quarta-feira (14), o projeto da senadora Rose de Freitas (MDB-ES) que inclui na CLT a possibilidade de o trabalhador ausentar-se at\u00e9 2 dias ao trabalho, a cada 6 meses, com prop\u00f3sito de acompanhar filho menor de idade a consultas m\u00e9dicas. Trata-se do PLS 92\/17, e caso n\u00e3o haja recurso contra a decis\u00e3o do colegiado, o texto vai ao exame da C\u00e2mara dos Deputados.<\/p>\n<p style=\"text-align: justify;\">Pelo texto, fica proibido o desconto no sal\u00e1rio a partir da apresenta\u00e7\u00e3o dos atestados da realiza\u00e7\u00e3o das referidas consultas. O projeto tamb\u00e9m permite a compensa\u00e7\u00e3o das jornadas, desde que seja respeitado o limite de at\u00e9 duas horas di\u00e1rias. A proposta segue agora para an\u00e1lise pela C\u00e2mara dos Deputados.<\/p>\n<p style=\"text-align: justify;\">O relator da mat\u00e9ria foi o senador Paulo Paim (PT-RS), que considerou a legisla\u00e7\u00e3o atual \u201cmuito t\u00edmida\u201d, por prever apenas um dia ao ano para que o trabalhador possa acompanhar consultas m\u00e9dicas de seus filhos, e ainda assim se eles tiverem no m\u00e1ximo 6 anos de idade.<\/p>\n<p style=\"text-align: justify;\">\u201cConcordo plenamente com a senadora Rose de Freitas. N\u00e3o podemos excluir as crian\u00e7as maiores de seis anos e os adolescentes, que tamb\u00e9m podem precisar e muito deste tipo de assist\u00eancia\u201d, disse Paim.<\/p>\n<p style=\"text-align: justify;\">Fonte: Diap \/ CONTEC<\/p>\n","protected":false},"excerpt":{"rendered":"<p class=\"excerpt\">A Comiss\u00e3o de Assuntos Sociais (CAS) aprovou terminativamente, nesta quarta-feira (14), o projeto da senadora Rose de Freitas (MDB-ES) que inclui na CLT a possibilidade de o trabalhador ausentar-se at\u00e9 2 dias ao trabalho, a cada 6 meses, com prop\u00f3sito de acompanhar filho menor de idade a consultas m\u00e9dicas. Trata-se do PLS 92\/17, e caso [&hellip;]<\/p>\n","protected":false},"author":2,"featured_media":5685,"comment_status":"closed","ping_status":"closed","sticky":false,"template":"","format":"standard","meta":{"_et_pb_use_builder":"","_et_pb_old_content":"","_et_gb_content_width":"","footnotes":""},"categories":[13],"tags":[],"class_list":["post-5684","post","type-post","status-publish","format-standard","has-post-thumbnail","hentry","category-noticias"],"_links":{"self":[{"href":"https:\/\/sjcbancarios.com.br\/site\/wp-json\/wp\/v2\/posts\/5684","targetHints":{"allow":["GET"]}}],"collection":[{"href":"https:\/\/sjcbancarios.com.br\/site\/wp-json\/wp\/v2\/posts"}],"about":[{"href":"https:\/\/sjcbancarios.com.br\/site\/wp-json\/wp\/v2\/types\/post"}],"author":[{"embeddable":true,"href":"https:\/\/sjcbancarios.com.br\/site\/wp-json\/wp\/v2\/users\/2"}],"replies":[{"embeddable":true,"href":"https:\/\/sjcbancarios.com.br\/site\/wp-json\/wp\/v2\/comments?post=5684"}],"version-history":[{"count":0,"href":"https:\/\/sjcbancarios.com.br\/site\/wp-json\/wp\/v2\/posts\/5684\/revisions"}],"wp:featuredmedia":[{"embeddable":true,"href":"https:\/\/sjcbancarios.com.br\/site\/wp-json\/wp\/v2\/media\/5685"}],"wp:attachment":[{"href":"https:\/\/sjcbancarios.com.br\/site\/wp-json\/wp\/v2\/media?parent=5684"}],"wp:term":[{"taxonomy":"category","embeddable":true,"href":"https:\/\/sjcbancarios.com.br\/site\/wp-json\/wp\/v2\/categories?post=5684"},{"taxonomy":"post_tag","embeddable":true,"href":"https:\/\/sjcbancarios.com.br\/site\/wp-json\/wp\/v2\/tags?post=5684"}],"curies":[{"name":"wp","href":"https:\/\/api.w.org\/{rel}","templated":true}]}}