{"id":2881,"date":"2018-02-10T18:16:18","date_gmt":"2018-02-10T20:16:18","guid":{"rendered":"http:\/\/sjcbancarios.com.br\/site\/?p=2881"},"modified":"2024-09-10T08:56:52","modified_gmt":"2024-09-10T11:56:52","slug":"banco-do-brasil-convencao","status":"publish","type":"post","link":"https:\/\/sjcbancarios.com.br\/site\/acordo-coletivo\/banco-do-brasil-convencao\/","title":{"rendered":"Banco do Brasil"},"content":{"rendered":"<p><strong>PLR &#8211; ACT &#8211; CONTEC &#8211; Minuta 2024<\/strong><br \/>\n<strong>Link:<\/strong> <a href=\"https:\/\/sjcbancarios.com.br\/site\/wp-content\/uploads\/2024\/09\/PLR-ACT-CONTEC-Minuta-2024-25.pdf\" target=\"_blank\" rel=\"noopener\">PLR &#8211; ACT &#8211; CONTEC &#8211; Minuta 2024<\/a><\/p>\n<p><strong>ACT &#8211; CONTEC &#8211; Minuta 2024<\/strong><br \/>\n<strong>Link:<\/strong> <a href=\"https:\/\/sjcbancarios.com.br\/site\/wp-content\/uploads\/2024\/09\/ACT-Contec-Minuta-2024.pdf\" target=\"_blank\" rel=\"noopener\">ACT &#8211; Contec &#8211; Minuta 2024<\/a><\/p>\n<p>&nbsp;<\/p>\n<p><a href=\"https:\/\/sjcbancarios.com.br\/site\/wp-content\/uploads\/2024\/06\/PAUTA-DE-REIVINDICACOES-BANCO-DO-BRASIL-2024-2026.pdf\" target=\"_blank\" rel=\"noopener\"><strong>PAUTA DE REIVINDICA\u00c7\u00d5ES BANCO DO BRASIL 2024 \/ 2026<\/strong><\/a><\/p>\n<p><a href=\"https:\/\/sjcbancarios.com.br\/site\/wp-content\/uploads\/2022\/12\/BB-ACT-CONTEC-2022-2024-1.pdf\" target=\"_blank\" rel=\"noopener noreferrer\"><strong>Acordo Coletivo de Trabalho 2022-2024<\/strong><\/a><\/p>\n<p><a href=\"https:\/\/sjcbancarios.com.br\/site\/wp-content\/uploads\/2022\/12\/BB-ACT-BANCO-DO-BRASIL-E-CONTEC-PLR-2022-E-2023.pdf\" target=\"_blank\" rel=\"noopener noreferrer\"><strong>ACT Participa\u00e7\u00e3o nos Lucros e Resultados 2022-2023<\/strong><\/a><\/p>\n<p>NOVO ACT COVID-19<br \/>\nLink: <a href=\"https:\/\/sjcbancarios.com.br\/site\/wp-content\/uploads\/2019\/10\/Novo-ACT-Covid-19-Contec-3.pdf\" target=\"_blank\" rel=\"nofollow noopener noreferrer\">Novo ACT &#8211; Covid-19 &#8211; Contec<\/a><\/p>\n<p>MINUTA DE ACORDO PARA TELETRABALHO<br \/>\nLink: <a href=\"https:\/\/sjcbancarios.com.br\/site\/wp-content\/uploads\/2019\/10\/Minuta-de-Acordo-para-Teletrabalho-Contec-ACT-121220.pdf\" target=\"_blank\" rel=\"nofollow noopener noreferrer\">MINUTA BB CONTEC ACT TELETRABALHO<\/a><\/p>\n<p>&nbsp;<\/p>\n<p>BANCO DO BRASIL &#8211; ACT &#8211; PLR &#8211; CONTEC &#8211; 2020-2021<br \/>\nLink: <a href=\"https:\/\/sjcbancarios.com.br\/site\/wp-content\/uploads\/2019\/10\/B-BRASIL-ACT-PLR-CONTEC-2020-2021.pdf\" target=\"_blank\" rel=\"nofollow noopener noreferrer\">ACT &#8211; PLR &#8211; CONTEC &#8211; 2020-2021<\/a><\/p>\n<p>BANCO DO BRASIL &#8211; ACT &#8211; CONTEC &#8211; 2020-2022<br \/>\nLink: <a href=\"https:\/\/sjcbancarios.com.br\/site\/wp-content\/uploads\/2019\/10\/B-BRASIL-ACT-CONTEC-2020-2022.pdf\" target=\"_blank\" rel=\"nofollow noopener noreferrer\">ACT &#8211; CONTEC &#8211; 2020-2022<\/a><\/p>\n<p>&nbsp;<\/p>\n<p>ACT Covid 19 Minuta negociada com a Contec 01.07.2020 &#8211; 20200706 16h49<br \/>\n<a href=\"https:\/\/sjcbancarios.com.br\/site\/ACT-Covid-19-Minuta-negociada-com-a-Contec-01-07-2020-20200706-16h49.pdf\" target=\"_blank\" rel=\"nofollow noopener noreferrer\"><strong>ACT Covid 19 Minuta negociada com a Contec<\/strong><\/a><\/p>\n<p>&nbsp;<\/p>\n<p><span style=\"font-size: 20px;\">CCT &#8211; Banco do Brasil &#8211; Conven\u00e7\u00e3o Coletiva de Trabalho<\/p>\n<p><span style=\"font-size: 16px;\"><strong>2018\/2020<br \/>\n<\/strong><\/span><span style=\"font-size: 16px;\"><a href=\"http:\/\/sjcbancarios.com.br\/site\/wp-content\/uploads\/2018\/02\/B-BRASIL-ACT-Assinado-2018-2020.pdf\" target=\"_blank\" rel=\"noopener noreferrer\">Acordo Coletivo BB 2018\/2020<\/a><\/span><br \/>\n<span style=\"font-size: 16px;\"><a href=\"http:\/\/sjcbancarios.com.br\/site\/wp-content\/uploads\/2018\/02\/PLR-BB.pdf\">Acordo Coletivo PLR BB 2018\/2020<\/a><\/span><\/p>\n<p><\/span><strong>2016\/2018<\/strong><br \/>\n\u00bb <a title=\"Acordo Coletivo BB 2016\/2018\" href=\"http:\/\/www.sjcbancarios.com.br\/seeb\/images\/stories\/Acordos\/BB\/act%20bb%20contec%202016-2018.pdf\" target=\"_blank\" rel=\"noopener noreferrer\">Acordo Coletivo BB 2016\/2018<\/a><br \/>\n\u00bb <a title=\"Acordo Coletivo de PLR 2016\/2018\" href=\"http:\/\/www.sjcbancarios.com.br\/seeb\/images\/stories\/Acordos\/BB\/bb%20plr%202016-2017%20contec.pdf\" target=\"_blank\" rel=\"noopener noreferrer\">Acordo Coletivo de PLR 2016\/2018<\/a><\/p>\n<p><strong>2015\/2016<\/strong><br \/>\n\u00bb <a title=\"Acordo Coletivo BB 2015\/2016\" href=\"http:\/\/contec.org.br\/attachments\/article\/14919\/ACT_CONTEC_BB_2015-2016.pdf\" target=\"_blank\" rel=\"noopener noreferrer\">Acordo Coletivo BB 2015\/2016<\/a><br \/>\n\u00bb <a title=\"Acordo Coletivo de PLR 2015\/2016\" href=\"http:\/\/contec.org.br\/attachments\/article\/14917\/ACTPLR_CONTEC_BB_2015-2016.pdf\" target=\"_blank\" rel=\"noopener noreferrer\">Acordo Coletivo de PLR 2015\/2016<\/a><\/p>\n<p><strong>2014\/2015<\/strong><br \/>\n\u00bb <a title=\"Acordo Coletivo BB 2014\/2015\" href=\"http:\/\/www.contec.org.br\/attachments\/article\/12442\/ACT_CONTECBB_20142015_assinado.pdf\" target=\"_blank\" rel=\"noopener noreferrer\">Acordo Coletivo BB 2014\/2015<\/a><br \/>\n\u00bb <a title=\"Acordo Coletivo de PLR 2014\/2015\" href=\"http:\/\/www.contec.org.br\/attachments\/article\/12444\/ACTPLR_CONTECBB_2014_assinado.pdf\" target=\"_blank\" rel=\"noopener noreferrer\">Acordo Coletivo de PLR 2014\/2015<\/a><br \/>\n\u00bb <a title=\"CCP - Comiss\u00f5es de Concilia\u00e7\u00e3o Pr\u00e9via\" href=\"http:\/\/www.contec.org.br\/attachments\/article\/8764\/ACTccp_CONTECBB_20132015_assinado.pdf\" target=\"_blank\" rel=\"noopener noreferrer\">CCP &#8211; Comiss\u00f5es de Concilia\u00e7\u00e3o Pr\u00e9via<\/a><\/p>\n<p><strong>2012\/2013<\/strong><br \/>\n\u00bb <a title=\"Acordo Coletivo BB 2012\/2013\" href=\"http:\/\/www.contec.org.br\/attachments\/ACT_CONTECBB_20122013_assinado.pdf\" target=\"_blank\" rel=\"noopener noreferrer\">Acordo Coletivo BB 2012\/2013<\/a><br \/>\n\u00bb <a title=\"Acordo Coletivo de PLR 2012\/2013\" href=\"http:\/\/www.contec.org.br\/attachments\/PLR_CONTECBB_2012_assinado.pdf\" target=\"_blank\" rel=\"noopener noreferrer\">Acordo Coletivo de PLR 2012\/2013<\/a><\/p>\n<p><strong>2011\/2012<\/strong><br \/>\n\u00bb <a title=\"Acordo Coletivo BB 2011\/2012\" href=\"http:\/\/www.contec.org.br\/attachments\/5280_ACT_CONTECBB_20112012.pdf\" target=\"_blank\" rel=\"noopener noreferrer\">Acordo Coletivo BB 2011\/2012<\/a><br \/>\n\u00bb <a title=\"Acordo Coletivo de PLR BB 2011\/2012\" href=\"http:\/\/www.contec.org.br\/attachments\/5281_ACTPLR_CONTECBB_20112012.pdf\" target=\"_blank\" rel=\"noopener noreferrer\">Acordo Coletivo de PLR BB 2011\/2012<\/a><\/p>\n<p><strong>2010\/2011<\/strong><br \/>\n\u00bb <a title=\"Acordo Coletivo BB 2010\/2011\" href=\"http:\/\/www.contec.org.br\/attachments\/BB\/ACT\/ACT_BB_2010_assinado.pdf\" target=\"_blank\" rel=\"noopener noreferrer\">Acordo Coletivo BB 2010\/2011<\/a><br \/>\n\u00bb <a title=\"Acordo Coletivo de PLR BB 2010\/2011\" href=\"http:\/\/www.contec.org.br\/attachments\/3916_ACTPLR_CONTECBB_20102011.pdf\" target=\"_blank\" rel=\"noopener noreferrer\">Acordo Coletivo de PLR BB 2010\/2011<\/a><\/p>\n<p><strong>2009\/2010<\/strong><br \/>\n\u00bb <a title=\"Acordo Coletivo BB 2009\/2010\" href=\"http:\/\/www.contec.org.br\/attachments\/BB\/ACT\/ACT_20092010_CONTECBB_assinado.pdf\" target=\"_blank\" rel=\"noopener noreferrer\">Acordo Coletivo BB 2009\/2010<\/a><br \/>\n\u00bb <a title=\"Acordo Coletivo de PLR BB 2009\" href=\"http:\/\/www.contec.org.br\/attachments\/BB\/PLR\/ACTPLR_2009_CONTECBB_assinado.pdf\" target=\"_blank\" rel=\"noopener noreferrer\">Acordo Coletivo de PLR BB 2009<\/a><\/p>\n<p><strong>2007\/2008<\/strong><br \/>\n\u00bb Acordo Coletivo BB 2007\/2008<br \/>\n\u00bb <a title=\"Acordo Coletivo de PLR BB 2007\" href=\"http:\/\/www.contec.org.br\/attachments\/BB\/PLR\/ACTPLR_2007_CONTECBB_assinado.pdf\" target=\"_blank\" rel=\"noopener noreferrer\">Acordo Coletivo de PLR BB 2007<\/a><br \/>\n\u00bb Acordo Coletivo de PLR BB 2008<\/p>\n","protected":false},"excerpt":{"rendered":"<p class=\"excerpt\">PLR &#8211; ACT &#8211; CONTEC &#8211; Minuta 2024 Link: PLR &#8211; ACT &#8211; CONTEC &#8211; Minuta 2024 ACT &#8211; CONTEC &#8211; Minuta 2024 Link: ACT &#8211; Contec &#8211; Minuta 2024 &nbsp; PAUTA DE REIVINDICA\u00c7\u00d5ES BANCO DO BRASIL 2024 \/ 2026 Acordo Coletivo de Trabalho 2022-2024 ACT Participa\u00e7\u00e3o nos Lucros e Resultados 2022-2023 NOVO ACT COVID-19 [&hellip;]<\/p>\n","protected":false},"author":1,"featured_media":3107,"comment_status":"closed","ping_status":"closed","sticky":false,"template":"","format":"standard","meta":{"_et_pb_use_builder":"","_et_pb_old_content":"","_et_gb_content_width":"","footnotes":""},"categories":[128],"tags":[],"class_list":["post-2881","post","type-post","status-publish","format-standard","has-post-thumbnail","hentry","category-acordo-coletivo"],"_links":{"self":[{"href":"https:\/\/sjcbancarios.com.br\/site\/wp-json\/wp\/v2\/posts\/2881","targetHints":{"allow":["GET"]}}],"collection":[{"href":"https:\/\/sjcbancarios.com.br\/site\/wp-json\/wp\/v2\/posts"}],"about":[{"href":"https:\/\/sjcbancarios.com.br\/site\/wp-json\/wp\/v2\/types\/post"}],"author":[{"embeddable":true,"href":"https:\/\/sjcbancarios.com.br\/site\/wp-json\/wp\/v2\/users\/1"}],"replies":[{"embeddable":true,"href":"https:\/\/sjcbancarios.com.br\/site\/wp-json\/wp\/v2\/comments?post=2881"}],"version-history":[{"count":0,"href":"https:\/\/sjcbancarios.com.br\/site\/wp-json\/wp\/v2\/posts\/2881\/revisions"}],"wp:featuredmedia":[{"embeddable":true,"href":"https:\/\/sjcbancarios.com.br\/site\/wp-json\/wp\/v2\/media\/3107"}],"wp:attachment":[{"href":"https:\/\/sjcbancarios.com.br\/site\/wp-json\/wp\/v2\/media?parent=2881"}],"wp:term":[{"taxonomy":"category","embeddable":true,"href":"https:\/\/sjcbancarios.com.br\/site\/wp-json\/wp\/v2\/categories?post=2881"},{"taxonomy":"post_tag","embeddable":true,"href":"https:\/\/sjcbancarios.com.br\/site\/wp-json\/wp\/v2\/tags?post=2881"}],"curies":[{"name":"wp","href":"https:\/\/api.w.org\/{rel}","templated":true}]}}