{"id":21349,"date":"2026-09-01T16:53:43","date_gmt":"2026-09-01T19:53:43","guid":{"rendered":"https:\/\/sjcbancarios.com.br\/site\/?p=21349"},"modified":"2026-09-01T16:53:43","modified_gmt":"2026-09-01T19:53:43","slug":"banco-do-brasil-edital-de-convocacao-para-assembleia-geral-extraordinaria-com-inicio-as-1900-horas-do-dia-03-09-ate-as-1900-horas-do-dia-04-09","status":"publish","type":"post","link":"https:\/\/sjcbancarios.com.br\/site\/noticias\/banco-do-brasil-edital-de-convocacao-para-assembleia-geral-extraordinaria-com-inicio-as-1900-horas-do-dia-03-09-ate-as-1900-horas-do-dia-04-09\/","title":{"rendered":"BANCO DO BRASIL \u2013 EDITAL DE CONVOCA\u00c7\u00c3O PARA ASSEMBLEIA GERAL EXTRAORDIN\u00c1RIA, COM IN\u00cdCIO \u00c0S 19:00 horas do dia 03\/09 at\u00e9 as 19:00 horas do dia 04\/09."},"content":{"rendered":"<p style=\"text-align: justify;\"><span style=\"font-family: arial, helvetica, sans-serif;\">O SINDICATO DOS EMPREGADOS EM ESTABELECIMENTOS BANC\u00c1RIOS DE S\u00c3O JOS\u00c9 DOS CAMPOS E REGI\u00c3O, CNPJ\/MF n\u00ba. 51.618.023\/0001-03, Registro-Sindical n\u00ba 199507\/1963 por seu presidente abaixo assinado, convoca todos os trabalhadores banc\u00e1rios, sindicalizados e n\u00e3o sindicalizados, da base territorial deste sindicato, para a assembleia geral extraordin\u00e1ria que se realizar\u00e1 por meio de plen\u00e1ria a ser realizada \u00e0s 18:00 horas de forma remota atrav\u00e9s da plataforma <a href=\"https:\/\/zoom.us\/launch\/edl?muid=bb7e26b3-b7d0-4ab8-aa03-b92e78224022#success\">ACESSE A PLATORMA ZOOM<\/a> , seguida de vota\u00e7\u00e3o de forma remota\/virtual das 19:00 horas do dia 03 de setembro de 2026 (quinta-feira) at\u00e9 as 19:00 horas do dia 04 de setembro de 2026 (sexta-feira), na forma disposta no site \u201cwww.sjcbancarios.com.br onde estar\u00e3o dispon\u00edveis todas as informa\u00e7\u00f5es necess\u00e1rias para a delibera\u00e7\u00e3o acerca da seguinte pauta: 1. Delibera\u00e7\u00e3o sobre a proposta apresentada na mesa \u00fanica de negocia\u00e7\u00e3o por parte da Comiss\u00e3o de Bancos coordenada pela FENABAN para a renova\u00e7\u00e3o das Conven\u00e7\u00f5es Coletivas de Trabalho, bem como, sobre a proposta apresentada pelo Banco do Brasil e Caixa Econ\u00f4mica Federal para renova\u00e7\u00e3o dos seus respectivos Acordos Coletivos de Trabalho Aditivos, sendo que, as propostas incluem desconto a ser feito no sal\u00e1rio e PLR dos empregados em raz\u00e3o da contrata\u00e7\u00e3o a ser realizada (contribui\u00e7\u00e3o negocial); 2. Avalia\u00e7\u00e3o e encaminhamentos para a campanha salarial em caso de reprova\u00e7\u00e3o dos instrumentos coletivos.<\/span><\/p>\n<p style=\"text-align: justify;\"><span style=\"font-family: arial, helvetica, sans-serif;\">S\u00e3o Jos\u00e9 dos Campos, 01 de Setembro de 2026.<\/span><\/p>\n<p style=\"text-align: justify;\"><span style=\"font-family: arial, helvetica, sans-serif;\">CAMILO JOS\u00c9 PRETO<\/span><br \/>\n<span style=\"font-family: arial, helvetica, sans-serif;\">Presidente<\/span><\/p>\n","protected":false},"excerpt":{"rendered":"<p class=\"excerpt\">O SINDICATO DOS EMPREGADOS EM ESTABELECIMENTOS BANC\u00c1RIOS DE S\u00c3O JOS\u00c9 DOS CAMPOS E REGI\u00c3O, CNPJ\/MF n\u00ba. 51.618.023\/0001-03, Registro-Sindical n\u00ba 199507\/1963 por seu presidente abaixo assinado, convoca todos os trabalhadores banc\u00e1rios, sindicalizados e n\u00e3o sindicalizados, da base territorial deste sindicato, para a assembleia geral extraordin\u00e1ria que se realizar\u00e1 por meio de plen\u00e1ria a ser realizada \u00e0s [&hellip;]<\/p>\n","protected":false},"author":2,"featured_media":21174,"comment_status":"closed","ping_status":"closed","sticky":false,"template":"","format":"standard","meta":{"_et_pb_use_builder":"","_et_pb_old_content":"","_et_gb_content_width":"","footnotes":""},"categories":[13],"tags":[],"class_list":["post-21349","post","type-post","status-publish","format-standard","has-post-thumbnail","hentry","category-noticias"],"_links":{"self":[{"href":"https:\/\/sjcbancarios.com.br\/site\/wp-json\/wp\/v2\/posts\/21349","targetHints":{"allow":["GET"]}}],"collection":[{"href":"https:\/\/sjcbancarios.com.br\/site\/wp-json\/wp\/v2\/posts"}],"about":[{"href":"https:\/\/sjcbancarios.com.br\/site\/wp-json\/wp\/v2\/types\/post"}],"author":[{"embeddable":true,"href":"https:\/\/sjcbancarios.com.br\/site\/wp-json\/wp\/v2\/users\/2"}],"replies":[{"embeddable":true,"href":"https:\/\/sjcbancarios.com.br\/site\/wp-json\/wp\/v2\/comments?post=21349"}],"version-history":[{"count":1,"href":"https:\/\/sjcbancarios.com.br\/site\/wp-json\/wp\/v2\/posts\/21349\/revisions"}],"predecessor-version":[{"id":21350,"href":"https:\/\/sjcbancarios.com.br\/site\/wp-json\/wp\/v2\/posts\/21349\/revisions\/21350"}],"wp:featuredmedia":[{"embeddable":true,"href":"https:\/\/sjcbancarios.com.br\/site\/wp-json\/wp\/v2\/media\/21174"}],"wp:attachment":[{"href":"https:\/\/sjcbancarios.com.br\/site\/wp-json\/wp\/v2\/media?parent=21349"}],"wp:term":[{"taxonomy":"category","embeddable":true,"href":"https:\/\/sjcbancarios.com.br\/site\/wp-json\/wp\/v2\/categories?post=21349"},{"taxonomy":"post_tag","embeddable":true,"href":"https:\/\/sjcbancarios.com.br\/site\/wp-json\/wp\/v2\/tags?post=21349"}],"curies":[{"name":"wp","href":"https:\/\/api.w.org\/{rel}","templated":true}]}}