{"id":18102,"date":"2024-08-29T15:33:58","date_gmt":"2024-08-29T18:33:58","guid":{"rendered":"https:\/\/sjcbancarios.com.br\/site\/?p=18102"},"modified":"2024-09-18T10:57:28","modified_gmt":"2024-09-18T13:57:28","slug":"campanha-salarial-convocamos-todos-os-bancarios-de-bancos-privados-para-assembleia-geral-dia-04-de-setembro","status":"publish","type":"post","link":"https:\/\/sjcbancarios.com.br\/site\/noticias\/campanha-salarial-convocamos-todos-os-bancarios-de-bancos-privados-para-assembleia-geral-dia-04-de-setembro\/","title":{"rendered":"Campanha Salarial 2024- Assembleia Geral vai avaliar proposta da Fenaban, a partir das 20h desta quarta-feira, dia 04, at\u00e9 \u00e0s 20h de quinta-feira, dia 05. Confira a proposta da Fenaban."},"content":{"rendered":"<p style=\"text-align: justify;\"><em><span style=\"font-family: arial, helvetica, sans-serif;\">A Federa\u00e7\u00e3o dos Banc\u00e1rios de SPMS vai realizar uma plen\u00e1ria virtual, \u00e0s 18h30, para apresentar e esclarecer d\u00favidas sobre a proposta apresentada pelos bancos. Acesse a reuni\u00e3o pelo Zoom: ID da reuni\u00e3o: 812 3031 1691 Senha: 932647 &#8211;\u00a0 <\/span><\/em><a href=\"https:\/\/us06web.zoom.us\/j\/81230311691?pwd=FC8Jzn90LMvEhu5tAhdtforjdOafNr.1#success\">Plen\u00e1ria Acesse Aqui! <\/a><\/p>\n<p><em><span style=\"font-family: arial, helvetica, sans-serif;\"><a href=\"https:\/\/forms.gle\/wqeJHkinM679gsp19\">ASSEMBLEIA VOTE AQUI!<\/a><\/span><\/em><\/p>\n<p style=\"text-align: justify;\"><span style=\"font-family: arial, helvetica, sans-serif;\">A nova proposta garante aumento real nos sal\u00e1rios e verbas para 2024 e 2025, al\u00e9m do pagamento da antecipa\u00e7\u00e3o da PLR em setembro e de dez novas cl\u00e1usulas, entre as quais, o combate ao ass\u00e9dio moral; requalifica\u00e7\u00e3o diante dos avan\u00e7os tecnol\u00f3gicos e apoio \u00e0s mulheres na TI.<\/span><br \/>\n<span style=\"font-family: arial, helvetica, sans-serif;\">Ap\u00f3s 13 duras e longas rodadas de negocia\u00e7\u00f5es, iniciadas h\u00e1 quase dois meses e meio, o Comando Nacional dos Banc\u00e1rios arrancou, neste s\u00e1bado (31), proposta da Federa\u00e7\u00e3o Nacional dos Bancos (Fenaban), garantindo a unidade da categoria com manuten\u00e7\u00e3o de todos os direitos e amplia\u00e7\u00e3o de 10 novas cl\u00e1usulas para a renova\u00e7\u00e3o da Conven\u00e7\u00e3o Coletiva de Trabalho (CCT), para 2024 e 2025. <\/span><\/p>\n<p style=\"text-align: justify;\"><span style=\"font-family: arial, helvetica, sans-serif;\"><strong>Assembleias &#8211;<\/strong> Sindicatos de todo o pa\u00eds realizar\u00e3o assembleias a partir das 20h desta quarta-feira, dia 04, at\u00e9 \u00e0s 20h de quinta-feira, dia 05, para que a categoria delibere sobre a proposta. O Comando Nacional indica a aprova\u00e7\u00e3o.<\/span><\/p>\n<p style=\"text-align: justify;\"><span style=\"font-family: arial, helvetica, sans-serif;\">As assembleias ser\u00e3o realizadas virtualmente por link que ser\u00e1 disponibilizado em nossas redes sociais e ser\u00e3o precedidas de plen\u00e1rias (presenciais, h\u00edbridas ou virtuais), para manifesta\u00e7\u00e3o de todas as banc\u00e1rias e banc\u00e1rios, s\u00f3cios ou n\u00e3o s\u00f3cios.<\/span><\/p>\n<p style=\"text-align: justify;\"><strong><span style=\"font-family: arial, helvetica, sans-serif;\">Cl\u00e1usulas econ\u00f4micas<\/span><\/strong><br \/>\n<span style=\"font-family: arial, helvetica, sans-serif;\">Nas cl\u00e1usulas econ\u00f4micas, a categoria ter\u00e1 reajuste de 4,64% nos sal\u00e1rios e demais verbas, incluindo vales alimenta\u00e7\u00e3o (VA), refei\u00e7\u00e3o (VR), aux\u00edlio creche\/bab\u00e1 e participa\u00e7\u00e3o nos lucros e resultados (PLR) neste ano, para um INPC estimado de 3,91%, o que daria um ganho real de 0,7%. Para 2025, o aumento real ser\u00e1 de 0,6% para sal\u00e1rios, PLR, VA\/VR e demais cl\u00e1usulas econ\u00f4micas. O ganho real de 2024 e 2025, portanto, ser\u00e1 de pelo menos 1,31%, podendo ficar acima disso a depender do INPC de agosto, que ser\u00e1 divulgado pelo IBGE somente em 10 de setembro.<\/span><br \/>\n<span style=\"font-family: arial, helvetica, sans-serif;\">PLR e 13\u00aa cesta &#8211; O Comando conquistou ainda a antecipa\u00e7\u00e3o do pagamento da 13\u00aa cesta alimenta\u00e7\u00e3o para outubro e o pagamento da antecipa\u00e7\u00e3o da PLR para setembro. A Fenaban chegou a cogitar o pagamento das verbas somente em dezembro.<\/span><\/p>\n<p style=\"text-align: justify;\"><span style=\"font-family: arial, helvetica, sans-serif;\"><strong>Outros importantes avan\u00e7os:<\/strong><\/span><\/p>\n<p style=\"text-align: justify;\"><strong><span style=\"font-family: arial, helvetica, sans-serif;\">Verba de requalifica\u00e7\u00e3o<\/span><\/strong><br \/>\n<span style=\"font-family: arial, helvetica, sans-serif;\">&#8211; Reajuste de 8%, com isso o valor passa a ser R$ 2.285,84.<\/span><\/p>\n<p style=\"text-align: justify;\"><strong><span style=\"font-family: arial, helvetica, sans-serif;\">Piso de cont\u00ednuos e pessoal da portaria<\/span><\/strong><br \/>\n<span style=\"font-family: arial, helvetica, sans-serif;\">&#8211; Reajuste salarial de 15%.<\/span><\/p>\n<p style=\"text-align: justify;\"><strong><span style=\"font-family: arial, helvetica, sans-serif;\">Combate ao ass\u00e9dio moral, sexual e outras formas de viol\u00eancia no trabalho<\/span><\/strong><br \/>\n<span style=\"font-family: arial, helvetica, sans-serif;\">&#8211; Pela primeira vez, os bancos concordaram em incluir explicitamente o termo &#8220;ass\u00e9dio moral&#8221; nas negocia\u00e7\u00f5es, atendendo a uma reivindica\u00e7\u00e3o hist\u00f3rica da categoria.<\/span><\/p>\n<p style=\"text-align: justify;\"><span style=\"font-family: arial, helvetica, sans-serif;\">&#8211; Ficou estabelecida uma manifesta\u00e7\u00e3o de rep\u00fadio contra qualquer tipo de viol\u00eancia no ambiente de trabalho, refor\u00e7ando o compromisso com um ambiente seguro e respeitoso.<\/span><\/p>\n<p style=\"text-align: justify;\"><span style=\"font-family: arial, helvetica, sans-serif;\">&#8211; Cria\u00e7\u00e3o de um canal de apoio dedicado \u00e0s v\u00edtimas e de um canal espec\u00edfico para den\u00fancias de ass\u00e9dio e outras formas de viol\u00eancia, que incluir\u00e1 atendimento \u00e0s banc\u00e1rias v\u00edtimas de viol\u00eancia dom\u00e9stica.<\/span><\/p>\n<p style=\"text-align: justify;\"><strong><span style=\"font-family: arial, helvetica, sans-serif;\">Mulheres na tecnologia<\/span><\/strong><br \/>\n<span style=\"font-family: arial, helvetica, sans-serif;\">Devido \u00e0 queda no n\u00famero de mulheres na categoria, em especial devido ao avan\u00e7o da tecnologia, onde elas ainda s\u00e3o minoria, o comando cobrou e conquistou:<\/span><\/p>\n<p style=\"text-align: justify;\"><span style=\"font-family: arial, helvetica, sans-serif;\">&#8211; Concess\u00e3o de 3.000 bolsas de curso para capacitar mulheres, pessoas trans e PCDs em programa\u00e7\u00e3o, visando aumentar a representatividade feminina no setor tecnol\u00f3gico, realizado pela Progra{maria}.<\/span><\/p>\n<p style=\"text-align: justify;\"><span style=\"font-family: arial, helvetica, sans-serif;\">&#8211; Al\u00e9m disso, 100 bolsas ser\u00e3o oferecidas para programa intensivo de aprendizagem, voltado para a forma\u00e7\u00e3o avan\u00e7ada de mulheres na tecnologia, realizado pela Laborat\u00f3ria.<\/span><\/p>\n<p style=\"text-align: justify;\"><span style=\"font-family: arial, helvetica, sans-serif;\">&#8211; Ex-banc\u00e1rias poder\u00e3o participar dos cursos<\/span><\/p>\n<p style=\"text-align: justify;\"><span style=\"font-family: arial, helvetica, sans-serif;\">&#8211; As indica\u00e7\u00f5es para as vagas ter\u00e3o tamb\u00e9m a participa\u00e7\u00e3o dos sindicatos de todo o pa\u00eds<\/span><\/p>\n<p style=\"text-align: justify;\"><strong><span style=\"font-family: arial, helvetica, sans-serif;\">Pessoas com Defici\u00eancia (PCDs)<\/span><\/strong><br \/>\n<span style=\"font-family: arial, helvetica, sans-serif;\">&#8211; Concess\u00e3o de abono de aus\u00eancia para conserto ou reparo de pr\u00f3teses, garantindo que trabalhadores com defici\u00eancia possam atender \u00e0s suas necessidades sem preju\u00edzo.<\/span><\/p>\n<p style=\"text-align: justify;\"><strong><span style=\"font-family: arial, helvetica, sans-serif;\">Preven\u00e7\u00e3o \u00e0 viol\u00eancia contra a mulher banc\u00e1ria<\/span><\/strong><br \/>\n<span style=\"font-family: arial, helvetica, sans-serif;\">&#8211; Implementa\u00e7\u00e3o de um canal de apoio exclusivo e outras medidas espec\u00edficas para proteger as mulheres banc\u00e1rias contra viol\u00eancia, garantindo um ambiente de trabalho mais seguro.<\/span><\/p>\n<p style=\"text-align: justify;\"><strong><span style=\"font-family: arial, helvetica, sans-serif;\">Combate \u00e0 viol\u00eancia contra a mulher na sociedade<\/span><\/strong><br \/>\n<span style=\"font-family: arial, helvetica, sans-serif;\">&#8211; Os bancos se comprometem a manifestar publicamente o rep\u00fadio \u00e0 viol\u00eancia contra a mulher, al\u00e9m de disseminar informa\u00e7\u00f5es e recursos para apoiar a preven\u00e7\u00e3o desse tipo de viol\u00eancia.<\/span><\/p>\n<p style=\"text-align: justify;\"><strong><span style=\"font-family: arial, helvetica, sans-serif;\">Igualdade salarial entre homens e mulheres<\/span><\/strong><br \/>\n<span style=\"font-family: arial, helvetica, sans-serif;\">&#8211; Compromisso com a igualdade salarial entre g\u00eaneros.<\/span><\/p>\n<p style=\"text-align: justify;\"><span style=\"font-family: arial, helvetica, sans-serif;\">&#8211; Ades\u00e3o ao Programa Empresa Cidad\u00e3, garantindo licen\u00e7a-maternidade de 180 dias e licen\u00e7a-paternidade de 20 dias.<\/span><\/p>\n<p style=\"text-align: justify;\"><strong><span style=\"font-family: arial, helvetica, sans-serif;\">Mudan\u00e7as clim\u00e1ticas e calamidades<\/span><\/strong><br \/>\n<span style=\"font-family: arial, helvetica, sans-serif;\">&#8211; Em caso de desastres naturais ou outras calamidades, ser\u00e1 garantida a cria\u00e7\u00e3o de um Comit\u00ea de Gest\u00e3o de Crise, quando solicitado pelo Comando Nacional dos Banc\u00e1rios.<\/span><\/p>\n<p style=\"text-align: justify;\"><span style=\"font-family: arial, helvetica, sans-serif;\">&#8211; O comit\u00ea ter\u00e1 a autoriza\u00e7\u00e3o pr\u00e9via para tomar decis\u00f5es necess\u00e1rias que assegurem a prote\u00e7\u00e3o e os direitos dos banc\u00e1rios afetados.<\/span><\/p>\n<p style=\"text-align: justify;\"><span style=\"font-family: arial, helvetica, sans-serif;\">&#8211; Implementa\u00e7\u00e3o de medidas trabalhistas espec\u00edficas durante situa\u00e7\u00f5es de calamidade para assegurar vida e o bem-estar dos trabalhadores.<\/span><\/p>\n<p style=\"text-align: justify;\"><strong><span style=\"font-family: arial, helvetica, sans-serif;\">Censo da categoria 2026<\/span><\/strong><br \/>\n<span style=\"font-family: arial, helvetica, sans-serif;\">&#8211; A Fenaban se comprometeu a planejar em 2025 e realizar at\u00e9 o final de 2026 uma nova edi\u00e7\u00e3o do Censo da Diversidade do Setor Banc\u00e1rio, para mapear e promover a diversidade no setor.<\/span><\/p>\n<p style=\"text-align: justify;\"><strong><span style=\"font-family: arial, helvetica, sans-serif;\">Intelig\u00eancia artificial e requalifica\u00e7\u00e3o<\/span><\/strong><br \/>\n<span style=\"font-family: arial, helvetica, sans-serif;\">&#8211; Iniciativas de requalifica\u00e7\u00e3o profissional para adaptar a for\u00e7a de trabalho \u00e0s novas demandas tecnol\u00f3gicas.<\/span><\/p>\n<p style=\"text-align: justify;\"><strong><span style=\"font-family: arial, helvetica, sans-serif;\">LGBTQIA+, com destaque para pessoas transg\u00eanero<\/span><\/strong><br \/>\n<span style=\"font-family: arial, helvetica, sans-serif;\">&#8211; Os bancos refor\u00e7am seu rep\u00fadio \u00e0 discrimina\u00e7\u00e3o e garantem o uso do nome social para pessoas transg\u00eanero, antes mesmo da obten\u00e7\u00e3o do registro civil, promovendo um ambiente de trabalho inclusivo.<\/span><\/p>\n<p>&nbsp;<\/p>\n<p style=\"text-align: justify;\"><strong>EDITAL DE CONVOCA\u00c7\u00c3O RETIFICADOR\u00a0<\/strong><strong>DE ASSEMBLEIA GERAL EXTRAORDIN\u00c1RIA<\/strong><\/p>\n<p style=\"text-align: justify;\">Sindicato dos Empregados em Estabelecimentos Banc\u00e1rios de S\u00e3o Jos\u00e9 dos Campos e Regi\u00e3o, inscrito no CNPJ\/MF sob o n\u00ba51.618.023\/0001-03, Registro sindical n\u00ba 199507\/1963 por seu presidente abaixo assinado, retifica o Edital de Convoca\u00e7\u00e3o de Assembleia Geral Extraordin\u00e1ria publicado em 29\/08\/2024\u00a0para convocar todos os trabalhadores banc\u00e1rios, s\u00f3cios e n\u00e3o s\u00f3cios, da base territorial deste sindicato, para a assembleia geral extraordin\u00e1ria que se realizar\u00e1 por meio de plen\u00e1ria a ser realizada \u00e0s 18:00 horas de forma remota\/virtual, atrav\u00e9s da plataforma Zoom pelo link <a href=\"https:\/\/us06web.zoom.us\/j\/81230311691?pwd=FC8Jzn90LMvEhu5tAhdtforjdOafNr.1\">https:\/\/us06web.zoom.us\/j\/81230311691?pwd=FC8Jzn90LMvEhu5tAhdtforjdOafNr.1<\/a>\u00a0 \u00a0seguida de <strong>vota\u00e7\u00e3o de forma remota\/virtual das 20:00 horas do dia 04 de setembro de 2024 (quarta-feira) at\u00e9 as 20:00 horas do dia 05 de setembro de 2024 (quinta-feira),<\/strong> na forma disposta no site <a href=\"http:\/\/www.sjcbancarios.com.br\">www.sjcbancarios.com.br<\/a>\u00a0onde estar\u00e3o dispon\u00edveis todas as informa\u00e7\u00f5es necess\u00e1rias para a delibera\u00e7\u00e3o acerca da seguinte pauta: Delibera\u00e7\u00e3o sobre a proposta apresentada na mesa \u00fanica de negocia\u00e7\u00e3o por parte da Comiss\u00e3o de Bancos coordenada pela FENABAN para a renova\u00e7\u00e3o das Conven\u00e7\u00f5es Coletivas de Trabalho, bem como, sobre a proposta apresentada pelo Banco do Brasil para renova\u00e7\u00e3o dos seus Acordos Coletivos de Trabalho Aditivos e sobre a proposta apresentada pela Caixa Econ\u00f4mica Federal para renova\u00e7\u00e3o dos seus Acordos Coletivos de Trabalho Aditivos, sendo que, as propostas incluem desconto a ser feito nos sal\u00e1rios dos empregados em raz\u00e3o da contrata\u00e7\u00e3o a ser realizada (contribui\u00e7\u00e3o negocial). S\u00e3o Jos\u00e9 dos Campos, 03 de setembro de 2024.<\/p>\n<p style=\"text-align: justify;\">ANT\u00d4NIO MARCOS DE BARROS<\/p>\n<p style=\"text-align: justify;\">Presidente<\/p>\n<p style=\"text-align: justify;\">\u00a0<\/p>\n<p>&nbsp;<\/p>\n","protected":false},"excerpt":{"rendered":"<p class=\"excerpt\">A Federa\u00e7\u00e3o dos Banc\u00e1rios de SPMS vai realizar uma plen\u00e1ria virtual, \u00e0s 18h30, para apresentar e esclarecer d\u00favidas sobre a proposta apresentada pelos bancos. Acesse a reuni\u00e3o pelo Zoom: ID da reuni\u00e3o: 812 3031 1691 Senha: 932647 &#8211;\u00a0 Plen\u00e1ria Acesse Aqui! ASSEMBLEIA VOTE AQUI! A nova proposta garante aumento real nos sal\u00e1rios e verbas para [&hellip;]<\/p>\n","protected":false},"author":2,"featured_media":18115,"comment_status":"closed","ping_status":"closed","sticky":false,"template":"","format":"standard","meta":{"_et_pb_use_builder":"","_et_pb_old_content":"","_et_gb_content_width":"","footnotes":""},"categories":[13],"tags":[],"class_list":["post-18102","post","type-post","status-publish","format-standard","has-post-thumbnail","hentry","category-noticias"],"_links":{"self":[{"href":"https:\/\/sjcbancarios.com.br\/site\/wp-json\/wp\/v2\/posts\/18102","targetHints":{"allow":["GET"]}}],"collection":[{"href":"https:\/\/sjcbancarios.com.br\/site\/wp-json\/wp\/v2\/posts"}],"about":[{"href":"https:\/\/sjcbancarios.com.br\/site\/wp-json\/wp\/v2\/types\/post"}],"author":[{"embeddable":true,"href":"https:\/\/sjcbancarios.com.br\/site\/wp-json\/wp\/v2\/users\/2"}],"replies":[{"embeddable":true,"href":"https:\/\/sjcbancarios.com.br\/site\/wp-json\/wp\/v2\/comments?post=18102"}],"version-history":[{"count":0,"href":"https:\/\/sjcbancarios.com.br\/site\/wp-json\/wp\/v2\/posts\/18102\/revisions"}],"wp:featuredmedia":[{"embeddable":true,"href":"https:\/\/sjcbancarios.com.br\/site\/wp-json\/wp\/v2\/media\/18115"}],"wp:attachment":[{"href":"https:\/\/sjcbancarios.com.br\/site\/wp-json\/wp\/v2\/media?parent=18102"}],"wp:term":[{"taxonomy":"category","embeddable":true,"href":"https:\/\/sjcbancarios.com.br\/site\/wp-json\/wp\/v2\/categories?post=18102"},{"taxonomy":"post_tag","embeddable":true,"href":"https:\/\/sjcbancarios.com.br\/site\/wp-json\/wp\/v2\/tags?post=18102"}],"curies":[{"name":"wp","href":"https:\/\/api.w.org\/{rel}","templated":true}]}}