{"id":17385,"date":"2024-08-13T13:07:59","date_gmt":"2024-08-13T16:07:59","guid":{"rendered":"https:\/\/sjcbancarios.com.br\/site\/?p=17385"},"modified":"2024-08-16T11:09:55","modified_gmt":"2024-08-16T14:09:55","slug":"comecou-a-negociacao-sobre-clausulas-economicas-bancarios-querem-proposta-decente","status":"publish","type":"post","link":"https:\/\/sjcbancarios.com.br\/site\/noticias\/comecou-a-negociacao-sobre-clausulas-economicas-bancarios-querem-proposta-decente\/","title":{"rendered":"Come\u00e7ou a negocia\u00e7\u00e3o sobre cl\u00e1usulas econ\u00f4micas; banc\u00e1rios querem proposta decente!"},"content":{"rendered":"<p style=\"text-align: justify;\"><span style=\"font-family: arial, helvetica, sans-serif;\">Come\u00e7ou por volta das 11h20, a s\u00e9tima mesa de negocia\u00e7\u00e3o entre Comando Nacional dos Banc\u00e1rios e Federa\u00e7\u00e3o Nacional dos Bancos (Fenaban), no \u00e2mbito da Campanha Nacional dos Banc\u00e1rios 2024, para a renova\u00e7\u00e3o da Conven\u00e7\u00e3o Coletiva de Trabalho (CCT) da categoria.<\/span><\/p>\n<p style=\"text-align: justify;\"><span style=\"font-family: arial, helvetica, sans-serif;\">A mesa desta ter\u00e7a-feira, dia 13, \u00e9 a segunda a discutir o reajuste salarial dos banc\u00e1rios 2024, ou seja, as reivindica\u00e7\u00f5es da categoria para as cl\u00e1usulas de remunera\u00e7\u00e3o. A primeira sobre temas econ\u00f4micos ocorreu na quarta-feira passada (7) e os bancos n\u00e3o apresentaram nenhuma resposta para as reivindica\u00e7\u00f5es da categoria.<\/span><\/p>\n<p style=\"text-align: justify;\"><span style=\"font-family: arial, helvetica, sans-serif;\">Os banc\u00e1rios querem a reposi\u00e7\u00e3o da infla\u00e7\u00e3o (INPC entre 1\u00ba de setembro de 2023 a 31 de agosto de 2024) mais aumento real de 5% nos sal\u00e1rios, na PLR e demais verbas, e reajustes maiores para VA e VR.<\/span><\/p>\n<p style=\"text-align: justify;\"><span style=\"font-family: arial, helvetica, sans-serif;\">Com lucros e rentabilidade sempre altos, os bancos t\u00eam todas as condi\u00e7\u00f5es de atender as demandas e valorizar seus trabalhadores, que constroem os excelentes resultados do setor diariamente. Mas mesa de quarta-feira (7), os bancos se fizeram de v\u00edtimas e n\u00e3o apresentaram proposta. O Comando deixou claro na mesa que espera para hoje uma proposta decente, que contemple as necessidades dos trabalhadores.<\/span><\/p>\n<p style=\"text-align: justify;\"><span style=\"font-family: arial, helvetica, sans-serif;\"><strong>Saiba como foram as mesas at\u00e9 agora:<\/strong><\/span><br \/>\n<span style=\"font-family: arial, helvetica, sans-serif;\">a primeira mesa discutiu empregos;<\/span><br \/>\n<span style=\"font-family: arial, helvetica, sans-serif;\">a segunda mesa debateu cl\u00e1usulas sociais &#8211; em especial teletrabalho, tecnologia e jornada de 4 dias;<\/span><br \/>\n<span style=\"font-family: arial, helvetica, sans-serif;\">a terceira mesa debateu igualdade de oportunidades;<\/span><br \/>\n<span style=\"font-family: arial, helvetica, sans-serif;\">a quarta mesa foi sobre PCDs, neurodivergentes e seguran\u00e7a banc\u00e1ria;<\/span><br \/>\n<span style=\"font-family: arial, helvetica, sans-serif;\">a quinta mesa foi sobre sa\u00fade e condi\u00e7\u00f5es de trabalho;<\/span><br \/>\n<span style=\"font-family: arial, helvetica, sans-serif;\">a sexta mesa foi sobre cl\u00e1usulas econ\u00f4micas;<\/span><br \/>\n<span style=\"font-family: arial, helvetica, sans-serif;\">Paralelamente, ocorrem tamb\u00e9m as mesas de negocia\u00e7\u00e3o espec\u00edficas para a renova\u00e7\u00e3o dos acordos da Caixa e do Banco do Brasil.\u00a0<\/span><\/p>\n<p style=\"text-align: justify;\"><span style=\"font-family: arial, helvetica, sans-serif;\">Fonte: spbancarios.com.br<\/span><\/p>\n","protected":false},"excerpt":{"rendered":"<p class=\"excerpt\">Come\u00e7ou por volta das 11h20, a s\u00e9tima mesa de negocia\u00e7\u00e3o entre Comando Nacional dos Banc\u00e1rios e Federa\u00e7\u00e3o Nacional dos Bancos (Fenaban), no \u00e2mbito da Campanha Nacional dos Banc\u00e1rios 2024, para a renova\u00e7\u00e3o da Conven\u00e7\u00e3o Coletiva de Trabalho (CCT) da categoria. A mesa desta ter\u00e7a-feira, dia 13, \u00e9 a segunda a discutir o reajuste salarial dos [&hellip;]<\/p>\n","protected":false},"author":2,"featured_media":17386,"comment_status":"closed","ping_status":"closed","sticky":false,"template":"","format":"standard","meta":{"_et_pb_use_builder":"","_et_pb_old_content":"","_et_gb_content_width":"","footnotes":""},"categories":[13],"tags":[],"class_list":["post-17385","post","type-post","status-publish","format-standard","has-post-thumbnail","hentry","category-noticias"],"_links":{"self":[{"href":"https:\/\/sjcbancarios.com.br\/site\/wp-json\/wp\/v2\/posts\/17385","targetHints":{"allow":["GET"]}}],"collection":[{"href":"https:\/\/sjcbancarios.com.br\/site\/wp-json\/wp\/v2\/posts"}],"about":[{"href":"https:\/\/sjcbancarios.com.br\/site\/wp-json\/wp\/v2\/types\/post"}],"author":[{"embeddable":true,"href":"https:\/\/sjcbancarios.com.br\/site\/wp-json\/wp\/v2\/users\/2"}],"replies":[{"embeddable":true,"href":"https:\/\/sjcbancarios.com.br\/site\/wp-json\/wp\/v2\/comments?post=17385"}],"version-history":[{"count":0,"href":"https:\/\/sjcbancarios.com.br\/site\/wp-json\/wp\/v2\/posts\/17385\/revisions"}],"wp:featuredmedia":[{"embeddable":true,"href":"https:\/\/sjcbancarios.com.br\/site\/wp-json\/wp\/v2\/media\/17386"}],"wp:attachment":[{"href":"https:\/\/sjcbancarios.com.br\/site\/wp-json\/wp\/v2\/media?parent=17385"}],"wp:term":[{"taxonomy":"category","embeddable":true,"href":"https:\/\/sjcbancarios.com.br\/site\/wp-json\/wp\/v2\/categories?post=17385"},{"taxonomy":"post_tag","embeddable":true,"href":"https:\/\/sjcbancarios.com.br\/site\/wp-json\/wp\/v2\/tags?post=17385"}],"curies":[{"name":"wp","href":"https:\/\/api.w.org\/{rel}","templated":true}]}}