{"id":17361,"date":"2024-07-31T10:20:04","date_gmt":"2024-07-31T13:20:04","guid":{"rendered":"https:\/\/sjcbancarios.com.br\/site\/?p=17361"},"modified":"2024-08-09T12:01:05","modified_gmt":"2024-08-09T15:01:05","slug":"trabalhadores-protestam-contra-alta-dos-juros-do-banco-central","status":"publish","type":"post","link":"https:\/\/sjcbancarios.com.br\/site\/noticias\/trabalhadores-protestam-contra-alta-dos-juros-do-banco-central\/","title":{"rendered":"Trabalhadores protestam contra alta dos juros do Banco Central."},"content":{"rendered":"<p style=\"text-align: justify;\"><span style=\"font-family: arial, helvetica, sans-serif;\"><em>Organiza\u00e7\u00f5es sociais se mobilizaram contra a pol\u00edtica monet\u00e1ria de Roberto Campos Neto, com foco na reuni\u00e3o do Copom que definir\u00e1 a taxa Selic.<\/em><\/span><\/p>\n<p style=\"text-align: justify;\"><span style=\"font-family: arial, helvetica, sans-serif;\">Nesta ter\u00e7a-feira (30), organiza\u00e7\u00f5es sociais protestaram contra a pol\u00edtica monet\u00e1ria do Banco Central, liderada por Roberto Campos Neto. As manifesta\u00e7\u00f5es ocorreram nas ruas e nas redes sociais, simultaneamente ao in\u00edcio da reuni\u00e3o do Comit\u00ea de Pol\u00edtica Monet\u00e1ria (Copom), que decidir\u00e1 sobre a taxa Selic. A expectativa \u00e9 que a taxa permane\u00e7a em 10,5% ao ano, uma das mais altas do mundo, prejudicando o crescimento econ\u00f4mico do Brasil. Os protestos destacam os impactos negativos dos juros altos, entre eles a dificuldade de acesso ao cr\u00e9dito e o aumento dos gastos do governo com juros da d\u00edvida p\u00fablica.<\/span><\/p>\n<p style=\"text-align: justify;\"><span style=\"font-family: arial, helvetica, sans-serif;\">\u201cO Brasil precisa de uma pol\u00edtica de juros que favore\u00e7a o crescimento econ\u00f4mico e a cria\u00e7\u00e3o de empregos. Manter a Selic em um patamar t\u00e3o elevado prejudica tanto os trabalhadores quanto a economia real do pa\u00eds\u201d, afirma David Zaia, presidente da Feeb SP\/MS.<\/span><\/p>\n<p style=\"text-align: justify;\"><span style=\"font-family: arial, helvetica, sans-serif;\">Fonte: Federa\u00e7\u00e3o dos banc\u00e1rios de SPMS.<\/span><\/p>\n<p style=\"text-align: justify;\">\u00a0<\/p>\n","protected":false},"excerpt":{"rendered":"<p class=\"excerpt\">Organiza\u00e7\u00f5es sociais se mobilizaram contra a pol\u00edtica monet\u00e1ria de Roberto Campos Neto, com foco na reuni\u00e3o do Copom que definir\u00e1 a taxa Selic. Nesta ter\u00e7a-feira (30), organiza\u00e7\u00f5es sociais protestaram contra a pol\u00edtica monet\u00e1ria do Banco Central, liderada por Roberto Campos Neto. As manifesta\u00e7\u00f5es ocorreram nas ruas e nas redes sociais, simultaneamente ao in\u00edcio da reuni\u00e3o [&hellip;]<\/p>\n","protected":false},"author":2,"featured_media":17362,"comment_status":"closed","ping_status":"closed","sticky":false,"template":"","format":"standard","meta":{"_et_pb_use_builder":"","_et_pb_old_content":"","_et_gb_content_width":"","footnotes":""},"categories":[13],"tags":[],"class_list":["post-17361","post","type-post","status-publish","format-standard","has-post-thumbnail","hentry","category-noticias"],"_links":{"self":[{"href":"https:\/\/sjcbancarios.com.br\/site\/wp-json\/wp\/v2\/posts\/17361","targetHints":{"allow":["GET"]}}],"collection":[{"href":"https:\/\/sjcbancarios.com.br\/site\/wp-json\/wp\/v2\/posts"}],"about":[{"href":"https:\/\/sjcbancarios.com.br\/site\/wp-json\/wp\/v2\/types\/post"}],"author":[{"embeddable":true,"href":"https:\/\/sjcbancarios.com.br\/site\/wp-json\/wp\/v2\/users\/2"}],"replies":[{"embeddable":true,"href":"https:\/\/sjcbancarios.com.br\/site\/wp-json\/wp\/v2\/comments?post=17361"}],"version-history":[{"count":0,"href":"https:\/\/sjcbancarios.com.br\/site\/wp-json\/wp\/v2\/posts\/17361\/revisions"}],"wp:featuredmedia":[{"embeddable":true,"href":"https:\/\/sjcbancarios.com.br\/site\/wp-json\/wp\/v2\/media\/17362"}],"wp:attachment":[{"href":"https:\/\/sjcbancarios.com.br\/site\/wp-json\/wp\/v2\/media?parent=17361"}],"wp:term":[{"taxonomy":"category","embeddable":true,"href":"https:\/\/sjcbancarios.com.br\/site\/wp-json\/wp\/v2\/categories?post=17361"},{"taxonomy":"post_tag","embeddable":true,"href":"https:\/\/sjcbancarios.com.br\/site\/wp-json\/wp\/v2\/tags?post=17361"}],"curies":[{"name":"wp","href":"https:\/\/api.w.org\/{rel}","templated":true}]}}