{"id":17358,"date":"2024-07-31T10:29:57","date_gmt":"2024-07-31T13:29:57","guid":{"rendered":"https:\/\/sjcbancarios.com.br\/site\/?p=17358"},"modified":"2024-08-09T12:43:08","modified_gmt":"2024-08-09T15:43:08","slug":"bancada-patronal-frustra-trabalhadores-ao-descumprir-acordo-em-negociacao","status":"publish","type":"post","link":"https:\/\/sjcbancarios.com.br\/site\/noticias\/bancada-patronal-frustra-trabalhadores-ao-descumprir-acordo-em-negociacao\/","title":{"rendered":"Bancada patronal frustra trabalhadores ao descumprir acordo em negocia\u00e7\u00e3o."},"content":{"rendered":"<p style=\"text-align: justify;\"><span style=\"font-family: arial, helvetica, sans-serif;\">Em reuni\u00e3o realizada nesta ter\u00e7a-feira (30), em S\u00e3o Paulo, a Associa\u00e7\u00e3o Nacional das Institui\u00e7\u00f5es de Cr\u00e9dito, Financiamento e Investimento (Acrefi) descumpriu o combinado e n\u00e3o apresentou uma proposta global em resposta \u00e0 pauta de reivindica\u00e7\u00f5es do Coletivo Nacional dos Financi\u00e1rios.<\/span><\/p>\n<p style=\"text-align: justify;\"><span style=\"font-family: arial, helvetica, sans-serif;\">Os representantes sindicais propuseram um acordo de dois anos, com reajuste salarial que cubra a infla\u00e7\u00e3o medida pelo INPC, de junho de 2023 a maio de 2024, e de junho de 2024 a maio de 2025, acrescido de 5% de aumento real. Os mesmos \u00edndices seriam aplicados na Participa\u00e7\u00e3o nos Lucros e Resultados (PLR).<\/span><\/p>\n<p style=\"text-align: justify;\"><span style=\"font-family: arial, helvetica, sans-serif;\">A aus\u00eancia de uma resposta concreta por parte da Acrefi frustrou os representantes dos trabalhadores. \u201cForam in\u00fameras negocia\u00e7\u00f5es. \u00c9 inaceit\u00e1vel que a Acrefi n\u00e3o apresente uma proposta concreta que atenda \u00e0s justas reivindica\u00e7\u00f5es dos trabalhadores,\u201d afirmou Walmir Gomes, representante da Federa\u00e7\u00e3o dos Banc\u00e1rios dos Estados de S\u00e3o Paulo e Mato Grosso do Sul (Feeb SP\/MS).<\/span><\/p>\n<p style=\"text-align: justify;\"><span style=\"font-family: arial, helvetica, sans-serif;\">Entre as reivindica\u00e7\u00f5es dos trabalhadores est\u00e3o quest\u00f5es sociais, como equidade salarial entre homens e mulheres, o fim da terceiriza\u00e7\u00e3o e a promo\u00e7\u00e3o da diversidade.<\/span><\/p>\n<p style=\"text-align: justify;\"><span style=\"font-family: arial, helvetica, sans-serif;\">Uma pr\u00f3xima reuni\u00e3o para apresenta\u00e7\u00e3o da proposta ficou agendada para o dia 14 de agosto. \u201cEsperamos que, at\u00e9 l\u00e1, a Acrefi reconsidere sua posi\u00e7\u00e3o e apresente uma proposta que respeite e valorize os trabalhadores,\u201d concluiu Gomes.<\/span><\/p>\n<p style=\"text-align: justify;\"><span style=\"font-family: arial, helvetica, sans-serif;\">Fonte: Federa\u00e7\u00e3o dos banc\u00e1rios de SPMS<\/span><\/p>\n","protected":false},"excerpt":{"rendered":"<p class=\"excerpt\">Em reuni\u00e3o realizada nesta ter\u00e7a-feira (30), em S\u00e3o Paulo, a Associa\u00e7\u00e3o Nacional das Institui\u00e7\u00f5es de Cr\u00e9dito, Financiamento e Investimento (Acrefi) descumpriu o combinado e n\u00e3o apresentou uma proposta global em resposta \u00e0 pauta de reivindica\u00e7\u00f5es do Coletivo Nacional dos Financi\u00e1rios. Os representantes sindicais propuseram um acordo de dois anos, com reajuste salarial que cubra a [&hellip;]<\/p>\n","protected":false},"author":2,"featured_media":17359,"comment_status":"closed","ping_status":"closed","sticky":false,"template":"","format":"standard","meta":{"_et_pb_use_builder":"","_et_pb_old_content":"","_et_gb_content_width":"","footnotes":""},"categories":[13],"tags":[],"class_list":["post-17358","post","type-post","status-publish","format-standard","has-post-thumbnail","hentry","category-noticias"],"_links":{"self":[{"href":"https:\/\/sjcbancarios.com.br\/site\/wp-json\/wp\/v2\/posts\/17358","targetHints":{"allow":["GET"]}}],"collection":[{"href":"https:\/\/sjcbancarios.com.br\/site\/wp-json\/wp\/v2\/posts"}],"about":[{"href":"https:\/\/sjcbancarios.com.br\/site\/wp-json\/wp\/v2\/types\/post"}],"author":[{"embeddable":true,"href":"https:\/\/sjcbancarios.com.br\/site\/wp-json\/wp\/v2\/users\/2"}],"replies":[{"embeddable":true,"href":"https:\/\/sjcbancarios.com.br\/site\/wp-json\/wp\/v2\/comments?post=17358"}],"version-history":[{"count":0,"href":"https:\/\/sjcbancarios.com.br\/site\/wp-json\/wp\/v2\/posts\/17358\/revisions"}],"wp:featuredmedia":[{"embeddable":true,"href":"https:\/\/sjcbancarios.com.br\/site\/wp-json\/wp\/v2\/media\/17359"}],"wp:attachment":[{"href":"https:\/\/sjcbancarios.com.br\/site\/wp-json\/wp\/v2\/media?parent=17358"}],"wp:term":[{"taxonomy":"category","embeddable":true,"href":"https:\/\/sjcbancarios.com.br\/site\/wp-json\/wp\/v2\/categories?post=17358"},{"taxonomy":"post_tag","embeddable":true,"href":"https:\/\/sjcbancarios.com.br\/site\/wp-json\/wp\/v2\/tags?post=17358"}],"curies":[{"name":"wp","href":"https:\/\/api.w.org\/{rel}","templated":true}]}}